{"id":2289,"date":"2015-02-13T16:53:23","date_gmt":"2015-02-13T15:53:23","guid":{"rendered":"http:\/\/www.kiosquesdumonde.net\/wordpress\/?p=2289"},"modified":"2022-12-14T17:22:31","modified_gmt":"2022-12-14T16:22:31","slug":"kiosque-a-musique-a-porto-portugal","status":"publish","type":"post","link":"https:\/\/www.kiosquesdumonde.net\/wordpress\/kiosque-a-musique-a-porto-portugal\/","title":{"rendered":"Kiosque \u00e0 musique \u00e0 Porto (Portugal)"},"content":{"rendered":"<div style=\"width: 625px; border: 3px solid #BFF0C3; padding: 50px 25px 50px 25px;\">\n<p>Dans les jardins du Pal\u00e1cio de Cristal am\u00e9nag\u00e9s pour l\u2019exposition internationale de Porto en 1865, on trouve le kiosque \u00e0 musique en forme de conque flanqu\u00e9 de deux statues torch\u00e8res.<\/p>\n<p><img loading=\"lazy\" decoding=\"async\" class=\"wp-image-2293 size-full\" src=\"https:\/\/www.kiosquesdumonde.net\/wordpress\/wp-content\/uploads\/2015\/02\/Porto-Palacio-10.jpg\" alt=\"Porto kiosque 10\" width=\"717\" height=\"541\" srcset=\"https:\/\/www.kiosquesdumonde.net\/wordpress\/wp-content\/uploads\/2015\/02\/Porto-Palacio-10.jpg 717w, https:\/\/www.kiosquesdumonde.net\/wordpress\/wp-content\/uploads\/2015\/02\/Porto-Palacio-10-300x226.jpg 300w, https:\/\/www.kiosquesdumonde.net\/wordpress\/wp-content\/uploads\/2015\/02\/Porto-Palacio-10-624x471.jpg 624w\" sizes=\"auto, (max-width: 717px) 100vw, 717px\" \/><\/p>\n<p style=\"padding-left: 120px;\">Le kiosque \u00e0 musique aurait \u00e9t\u00e9 construit par l&rsquo;architecte portugais<br \/>\nTom\u00e1s Augusto Soller (1848-1883).<\/p>\n<p><img loading=\"lazy\" decoding=\"async\" class=\"alignleft wp-image-2294 size-medium\" src=\"https:\/\/www.kiosquesdumonde.net\/wordpress\/wp-content\/uploads\/2015\/02\/Porto-Palacio-07-226x300.jpg\" alt=\"Porto \u00e9gyptienne 7\" width=\"226\" height=\"300\" srcset=\"https:\/\/www.kiosquesdumonde.net\/wordpress\/wp-content\/uploads\/2015\/02\/Porto-Palacio-07-226x300.jpg 226w, https:\/\/www.kiosquesdumonde.net\/wordpress\/wp-content\/uploads\/2015\/02\/Porto-Palacio-07.jpg 541w\" sizes=\"auto, (max-width: 226px) 100vw, 226px\" \/><img loading=\"lazy\" decoding=\"async\" class=\" wp-image-2295 size-medium alignright\" src=\"https:\/\/www.kiosquesdumonde.net\/wordpress\/wp-content\/uploads\/2015\/02\/Porto-Palacio-08-226x300.jpg\" alt=\"porto n\u00e9gresse 8\" width=\"226\" height=\"300\" srcset=\"https:\/\/www.kiosquesdumonde.net\/wordpress\/wp-content\/uploads\/2015\/02\/Porto-Palacio-08-226x300.jpg 226w, https:\/\/www.kiosquesdumonde.net\/wordpress\/wp-content\/uploads\/2015\/02\/Porto-Palacio-08.jpg 541w\" sizes=\"auto, (max-width: 226px) 100vw, 226px\" \/><\/p>\n<p>&nbsp;<\/p>\n<p>&nbsp;<\/p>\n<p>&nbsp;<\/p>\n<p>&nbsp;<\/p>\n<p>&nbsp;<\/p>\n<p>&nbsp;<\/p>\n<p>&nbsp;<\/p>\n<p>&nbsp;<\/p>\n<p>&nbsp;<\/p>\n<p>Les statues torch\u00e8res en fonte repr\u00e9sentant \u00e0 gauche, une \u00c9gyptienne et \u00e0 droite,une N\u00e9gresse, sont dues au sculpteur Mathurin Moreau et fondues par le Val d\u2019Osne.<\/p>\n<p><img loading=\"lazy\" decoding=\"async\" class=\"wp-image-2296\" src=\"https:\/\/www.kiosquesdumonde.net\/wordpress\/wp-content\/uploads\/2015\/02\/Porto-Palacio-03.jpg\" alt=\"Porto kiosque3\" width=\"483\" height=\"364\" srcset=\"https:\/\/www.kiosquesdumonde.net\/wordpress\/wp-content\/uploads\/2015\/02\/Porto-Palacio-03.jpg 717w, https:\/\/www.kiosquesdumonde.net\/wordpress\/wp-content\/uploads\/2015\/02\/Porto-Palacio-03-300x226.jpg 300w, https:\/\/www.kiosquesdumonde.net\/wordpress\/wp-content\/uploads\/2015\/02\/Porto-Palacio-03-624x471.jpg 624w\" sizes=\"auto, (max-width: 483px) 100vw, 483px\" \/><\/p>\n<p>&nbsp;<\/p>\n<p><iframe loading=\"lazy\" style=\"border: 0;\" src=\"https:\/\/www.google.com\/maps\/embed?pb=!1m18!1m12!1m3!1d48059.753045791454!2d-8.62185305!3d41.162142949999996!2m3!1f0!2f0!3f0!3m2!1i1024!2i768!4f13.1!3m3!1m2!1s0x0000000000000000%3A0x646cba8e35b01d38!2sJardins+do+Pal%C3%A1cio+de+Cristal!5e0!3m2!1sfr!2sbe!4v1423839733380\" width=\"600\" height=\"450\" frameborder=\"0\"><\/iframe><\/p>\n<\/div>\n<div id=\"ConnectiveDocSignExtentionInstalled\" data-extension-version=\"1.0.4\"><\/div>\n","protected":false},"excerpt":{"rendered":"<p>Dans les jardins du Pal\u00e1cio de Cristal am\u00e9nag\u00e9s pour l\u2019exposition internationale de Porto en 1865, on trouve le kiosque \u00e0 musique en forme de conque flanqu\u00e9 de deux statues torch\u00e8res. Le kiosque \u00e0 musique aurait \u00e9t\u00e9 construit par l&rsquo;architecte portugais Tom\u00e1s Augusto Soller (1848-1883). &nbsp; &nbsp; &nbsp; &nbsp; &nbsp; &nbsp; &nbsp; &nbsp; &nbsp; Les statues [&hellip;]<\/p>\n","protected":false},"author":1,"featured_media":0,"comment_status":"closed","ping_status":"closed","sticky":false,"template":"","format":"standard","meta":{"footnotes":""},"categories":[9],"tags":[141,59],"class_list":["post-2289","post","type-post","status-publish","format-standard","hentry","category-actualites","tag-porto","tag-portugal"],"_links":{"self":[{"href":"https:\/\/www.kiosquesdumonde.net\/wordpress\/wp-json\/wp\/v2\/posts\/2289","targetHints":{"allow":["GET"]}}],"collection":[{"href":"https:\/\/www.kiosquesdumonde.net\/wordpress\/wp-json\/wp\/v2\/posts"}],"about":[{"href":"https:\/\/www.kiosquesdumonde.net\/wordpress\/wp-json\/wp\/v2\/types\/post"}],"author":[{"embeddable":true,"href":"https:\/\/www.kiosquesdumonde.net\/wordpress\/wp-json\/wp\/v2\/users\/1"}],"replies":[{"embeddable":true,"href":"https:\/\/www.kiosquesdumonde.net\/wordpress\/wp-json\/wp\/v2\/comments?post=2289"}],"version-history":[{"count":23,"href":"https:\/\/www.kiosquesdumonde.net\/wordpress\/wp-json\/wp\/v2\/posts\/2289\/revisions"}],"predecessor-version":[{"id":7520,"href":"https:\/\/www.kiosquesdumonde.net\/wordpress\/wp-json\/wp\/v2\/posts\/2289\/revisions\/7520"}],"wp:attachment":[{"href":"https:\/\/www.kiosquesdumonde.net\/wordpress\/wp-json\/wp\/v2\/media?parent=2289"}],"wp:term":[{"taxonomy":"category","embeddable":true,"href":"https:\/\/www.kiosquesdumonde.net\/wordpress\/wp-json\/wp\/v2\/categories?post=2289"},{"taxonomy":"post_tag","embeddable":true,"href":"https:\/\/www.kiosquesdumonde.net\/wordpress\/wp-json\/wp\/v2\/tags?post=2289"}],"curies":[{"name":"wp","href":"https:\/\/api.w.org\/{rel}","templated":true}]}}