{"id":3196,"date":"2015-12-14T09:18:26","date_gmt":"2015-12-14T08:18:26","guid":{"rendered":"http:\/\/www.kiosquesdumonde.net\/wordpress\/?p=3196"},"modified":"2022-12-13T17:51:34","modified_gmt":"2022-12-13T16:51:34","slug":"kiosque-a-musique-a-cesena-italie","status":"publish","type":"post","link":"https:\/\/www.kiosquesdumonde.net\/wordpress\/kiosque-a-musique-a-cesena-italie\/","title":{"rendered":"Kiosque \u00e0 musique \u00e0 Cesena (Italie)"},"content":{"rendered":"<div style=\"width: 625px; border: 3px solid #bff0c3; padding: 50px 25px;\">\n<p style=\"padding-left: 30px; text-align: justify;\">Construit en 2008 par la Fondazione Neri, ce kiosque \u00e0 musique avec des statues lampadaires est fortement inspir\u00e9 des kiosque \u00e0 musique imagin\u00e9s par les Fonderies du Val d&rsquo;Osne.<\/p>\n<p><img loading=\"lazy\" decoding=\"async\" class=\"wp-image-3198 size-full\" src=\"https:\/\/www.kiosquesdumonde.net\/wordpress\/wp-content\/uploads\/2015\/12\/Cesena-01.jpg\" alt=\"Cesena kiosque 01\" width=\"717\" height=\"541\" srcset=\"https:\/\/www.kiosquesdumonde.net\/wordpress\/wp-content\/uploads\/2015\/12\/Cesena-01.jpg 717w, https:\/\/www.kiosquesdumonde.net\/wordpress\/wp-content\/uploads\/2015\/12\/Cesena-01-300x226.jpg 300w, https:\/\/www.kiosquesdumonde.net\/wordpress\/wp-content\/uploads\/2015\/12\/Cesena-01-624x471.jpg 624w\" sizes=\"auto, (max-width: 717px) 100vw, 717px\" \/><\/p>\n<p style=\"padding-left: 30px; text-align: justify;\">Ce kiosque \u00e0 musique dod\u00e9cagonal en fonte et verre est install\u00e9 dans le Giardino Pubblico (pr\u00e8s du Teatro comunale).<\/p>\n<p><img loading=\"lazy\" decoding=\"async\" class=\"wp-image-3201 alignleft\" src=\"https:\/\/www.kiosquesdumonde.net\/wordpress\/wp-content\/uploads\/2015\/12\/Cesena-03-226x300.jpg\" alt=\"Cesena kiosque 03\" width=\"270\" height=\"358\" srcset=\"https:\/\/www.kiosquesdumonde.net\/wordpress\/wp-content\/uploads\/2015\/12\/Cesena-03-226x300.jpg 226w, https:\/\/www.kiosquesdumonde.net\/wordpress\/wp-content\/uploads\/2015\/12\/Cesena-03.jpg 541w\" sizes=\"auto, (max-width: 270px) 100vw, 270px\" \/><\/p>\n<p><img loading=\"lazy\" decoding=\"async\" class=\"wp-image-3200 alignright\" src=\"https:\/\/www.kiosquesdumonde.net\/wordpress\/wp-content\/uploads\/2015\/12\/Cesena-02-226x300.jpg\" alt=\"Cesena kiosque 02\" width=\"270\" height=\"358\" srcset=\"https:\/\/www.kiosquesdumonde.net\/wordpress\/wp-content\/uploads\/2015\/12\/Cesena-02-226x300.jpg 226w, https:\/\/www.kiosquesdumonde.net\/wordpress\/wp-content\/uploads\/2015\/12\/Cesena-02.jpg 541w\" sizes=\"auto, (max-width: 270px) 100vw, 270px\" \/><\/p>\n<p><img loading=\"lazy\" decoding=\"async\" class=\"wp-image-3202 size-full\" src=\"https:\/\/www.kiosquesdumonde.net\/wordpress\/wp-content\/uploads\/2015\/12\/Cesena-07.jpg\" alt=\"Cesena kiosque 07\" width=\"717\" height=\"541\" srcset=\"https:\/\/www.kiosquesdumonde.net\/wordpress\/wp-content\/uploads\/2015\/12\/Cesena-07.jpg 717w, https:\/\/www.kiosquesdumonde.net\/wordpress\/wp-content\/uploads\/2015\/12\/Cesena-07-300x226.jpg 300w, https:\/\/www.kiosquesdumonde.net\/wordpress\/wp-content\/uploads\/2015\/12\/Cesena-07-624x471.jpg 624w\" sizes=\"auto, (max-width: 717px) 100vw, 717px\" \/><\/p>\n<p style=\"padding-left: 30px;\">Merci \u00e0 Dominique pour les photos.<\/p>\n<p><iframe loading=\"lazy\" style=\"border: 0;\" src=\"https:\/\/www.google.com\/maps\/embed?pb=!1m18!1m12!1m3!1d2863.484967084292!2d12.247024015738393!3d44.13524437910774!2m3!1f0!2f0!3f0!3m2!1i1024!2i768!4f13.1!3m3!1m2!1s0x132ca4ca02fae667%3A0x73bbe57ce9178db5!2sGiardino+Pubblico!5e0!3m2!1sfr!2sbe!4v1450080875811\" width=\"600\" height=\"450\" frameborder=\"0\" allowfullscreen=\"allowfullscreen\"><\/iframe><\/p>\n<\/div>\n<div id=\"ConnectiveDocSignExtentionInstalled\" data-extension-version=\"1.0.4\"><\/div>\n","protected":false},"excerpt":{"rendered":"<p>Construit en 2008 par la Fondazione Neri, ce kiosque \u00e0 musique avec des statues lampadaires est fortement inspir\u00e9 des kiosque \u00e0 musique imagin\u00e9s par les Fonderies du Val d&rsquo;Osne. Ce kiosque \u00e0 musique dod\u00e9cagonal en fonte et verre est install\u00e9 dans le Giardino Pubblico (pr\u00e8s du Teatro comunale). Merci \u00e0 Dominique pour les photos.<\/p>\n","protected":false},"author":1,"featured_media":0,"comment_status":"closed","ping_status":"closed","sticky":false,"template":"","format":"standard","meta":{"footnotes":""},"categories":[9],"tags":[89,74],"class_list":["post-3196","post","type-post","status-publish","format-standard","hentry","category-actualites","tag-cesena","tag-italie"],"_links":{"self":[{"href":"https:\/\/www.kiosquesdumonde.net\/wordpress\/wp-json\/wp\/v2\/posts\/3196","targetHints":{"allow":["GET"]}}],"collection":[{"href":"https:\/\/www.kiosquesdumonde.net\/wordpress\/wp-json\/wp\/v2\/posts"}],"about":[{"href":"https:\/\/www.kiosquesdumonde.net\/wordpress\/wp-json\/wp\/v2\/types\/post"}],"author":[{"embeddable":true,"href":"https:\/\/www.kiosquesdumonde.net\/wordpress\/wp-json\/wp\/v2\/users\/1"}],"replies":[{"embeddable":true,"href":"https:\/\/www.kiosquesdumonde.net\/wordpress\/wp-json\/wp\/v2\/comments?post=3196"}],"version-history":[{"count":23,"href":"https:\/\/www.kiosquesdumonde.net\/wordpress\/wp-json\/wp\/v2\/posts\/3196\/revisions"}],"predecessor-version":[{"id":7462,"href":"https:\/\/www.kiosquesdumonde.net\/wordpress\/wp-json\/wp\/v2\/posts\/3196\/revisions\/7462"}],"wp:attachment":[{"href":"https:\/\/www.kiosquesdumonde.net\/wordpress\/wp-json\/wp\/v2\/media?parent=3196"}],"wp:term":[{"taxonomy":"category","embeddable":true,"href":"https:\/\/www.kiosquesdumonde.net\/wordpress\/wp-json\/wp\/v2\/categories?post=3196"},{"taxonomy":"post_tag","embeddable":true,"href":"https:\/\/www.kiosquesdumonde.net\/wordpress\/wp-json\/wp\/v2\/tags?post=3196"}],"curies":[{"name":"wp","href":"https:\/\/api.w.org\/{rel}","templated":true}]}}