{"id":3494,"date":"2016-01-25T08:51:20","date_gmt":"2016-01-25T07:51:20","guid":{"rendered":"http:\/\/www.kiosquesdumonde.net\/wordpress\/?p=3494"},"modified":"2019-02-12T11:24:10","modified_gmt":"2019-02-12T10:24:10","slug":"promenade-litteraire-a-bayonne-france","status":"publish","type":"post","link":"https:\/\/www.kiosquesdumonde.net\/wordpress\/promenade-litteraire-a-bayonne-france\/","title":{"rendered":"Promenade litt\u00e9raire \u00e0 Bayonne (France)"},"content":{"rendered":"<div style=\"width: 625px; border: 3px solid #BFF0C3; padding: 50px 25px 50px 25px;\">\n<p style=\"padding-left: 30px; text-align: justify;\">En ao\u00fbt 45, Jorge Sempr\u00fan, de retour de camp de concentration trois mois plus t\u00f4t, perd l&rsquo;\u00e9quilibre en descendant d&rsquo;un train qui vient d&rsquo;arriver en gare de Saint-Prix. Le choc le rend amn\u00e9sique ; il raconte cet \u00e9pisode par la voix du narrateur Manuel dans <em>l\u2019Evanouissement<\/em> : les souvenirs remontent peu \u00e0 peu, entre autres ses voyages vers l\u2019Espagne en passant par Bayonne&#8230;<\/p>\n<p style=\"padding-left: 30px;\"><a href=\"https:\/\/www.kiosquesdumonde.net\/wordpress\/litterature\/jorge-semprun-1923-2011-levanouissement\/\" target=\"_blank\" rel=\"noopener\">Cliquer ici pour lire l&rsquo;extrait sur la page Litt\u00e9rature.<\/a><\/p>\n<\/div>\n","protected":false},"excerpt":{"rendered":"<p>En ao\u00fbt 45, Jorge Sempr\u00fan, de retour de camp de concentration trois mois plus t\u00f4t, perd l&rsquo;\u00e9quilibre en descendant d&rsquo;un train qui vient d&rsquo;arriver en gare de Saint-Prix. Le choc le rend amn\u00e9sique ; il raconte cet \u00e9pisode par la voix du narrateur Manuel dans l\u2019Evanouissement : les souvenirs remontent peu \u00e0 peu, entre autres [&hellip;]<\/p>\n","protected":false},"author":1,"featured_media":0,"comment_status":"closed","ping_status":"closed","sticky":false,"template":"","format":"standard","meta":{"footnotes":""},"categories":[66],"tags":[82,57,339],"class_list":["post-3494","post","type-post","status-publish","format-standard","hentry","category-promenades-litteraires","tag-bayonne","tag-france","tag-pyrenees-atlantiques"],"_links":{"self":[{"href":"https:\/\/www.kiosquesdumonde.net\/wordpress\/wp-json\/wp\/v2\/posts\/3494","targetHints":{"allow":["GET"]}}],"collection":[{"href":"https:\/\/www.kiosquesdumonde.net\/wordpress\/wp-json\/wp\/v2\/posts"}],"about":[{"href":"https:\/\/www.kiosquesdumonde.net\/wordpress\/wp-json\/wp\/v2\/types\/post"}],"author":[{"embeddable":true,"href":"https:\/\/www.kiosquesdumonde.net\/wordpress\/wp-json\/wp\/v2\/users\/1"}],"replies":[{"embeddable":true,"href":"https:\/\/www.kiosquesdumonde.net\/wordpress\/wp-json\/wp\/v2\/comments?post=3494"}],"version-history":[{"count":7,"href":"https:\/\/www.kiosquesdumonde.net\/wordpress\/wp-json\/wp\/v2\/posts\/3494\/revisions"}],"predecessor-version":[{"id":6093,"href":"https:\/\/www.kiosquesdumonde.net\/wordpress\/wp-json\/wp\/v2\/posts\/3494\/revisions\/6093"}],"wp:attachment":[{"href":"https:\/\/www.kiosquesdumonde.net\/wordpress\/wp-json\/wp\/v2\/media?parent=3494"}],"wp:term":[{"taxonomy":"category","embeddable":true,"href":"https:\/\/www.kiosquesdumonde.net\/wordpress\/wp-json\/wp\/v2\/categories?post=3494"},{"taxonomy":"post_tag","embeddable":true,"href":"https:\/\/www.kiosquesdumonde.net\/wordpress\/wp-json\/wp\/v2\/tags?post=3494"}],"curies":[{"name":"wp","href":"https:\/\/api.w.org\/{rel}","templated":true}]}}