{"id":4190,"date":"2016-10-17T17:57:58","date_gmt":"2016-10-17T16:57:58","guid":{"rendered":"http:\/\/www.kiosquesdumonde.net\/wordpress\/?p=4190"},"modified":"2022-12-12T17:08:35","modified_gmt":"2022-12-12T16:08:35","slug":"kiosque-a-musique-a-verviers-belgique","status":"publish","type":"post","link":"https:\/\/www.kiosquesdumonde.net\/wordpress\/kiosque-a-musique-a-verviers-belgique\/","title":{"rendered":"Kiosque \u00e0 musique \u00e0 Verviers (Belgique)"},"content":{"rendered":"<div style=\"width: 625px; border: 3px solid #bff0c3; padding: 50px 25px;\">\n<p style=\"padding-left: 30px;\">En 1854, un kiosque \u00e0 musique octogonal est construit dans le Jardin de l&rsquo;Harmonie.<br \/>\nIl est surmont\u00e9 d\u2019une toiture en bulbe soutenue par d\u2019\u00e9l\u00e9gantes colonnes jumel\u00e9es.<\/p>\n<p><img loading=\"lazy\" decoding=\"async\" class=\"wp-image-4192 size-full\" src=\"https:\/\/www.kiosquesdumonde.net\/wordpress\/wp-content\/uploads\/2016\/10\/Verviers-Harmonie-01.jpg\" alt=\"verviers-harmonie-kiosque-01\" width=\"715\" height=\"464\" srcset=\"https:\/\/www.kiosquesdumonde.net\/wordpress\/wp-content\/uploads\/2016\/10\/Verviers-Harmonie-01.jpg 715w, https:\/\/www.kiosquesdumonde.net\/wordpress\/wp-content\/uploads\/2016\/10\/Verviers-Harmonie-01-300x195.jpg 300w, https:\/\/www.kiosquesdumonde.net\/wordpress\/wp-content\/uploads\/2016\/10\/Verviers-Harmonie-01-624x405.jpg 624w\" sizes=\"auto, (max-width: 715px) 100vw, 715px\" \/><\/p>\n<p style=\"padding-left: 30px; text-align: justify;\">Le 7 f\u00e9vrier 1852 L\u00e9onard Mathonnet, administrateur de la musique, propose de faire \u00e9riger un kiosque dans les jardins de l\u2019harmonie. C\u2019est l\u2019architecte Thirion qui est charg\u00e9 des plans. Un \u00e9difice provisoire fut install\u00e9 \u00e0 l\u2019occasion du Grand Festival qui eut lieu le 12 septembre 1852. La construction du kiosque d\u00e9finitif est confi\u00e9e en ao\u00fbt 1853 \u00e0 l\u2019entrepreneur Jacques Cornet de Jupille. Quant aux structures m\u00e9talliques, elles seront r\u00e9alis\u00e9e par les fondeurs Lesoinne et Witmeur, de Jupille \u00e9galement.<\/p>\n<p><img loading=\"lazy\" decoding=\"async\" class=\"wp-image-4193 size-full\" src=\"https:\/\/www.kiosquesdumonde.net\/wordpress\/wp-content\/uploads\/2016\/10\/Verviers-Harmonie-15.jpg\" alt=\"verviers-harmonie-kiosque-15\" width=\"717\" height=\"541\" srcset=\"https:\/\/www.kiosquesdumonde.net\/wordpress\/wp-content\/uploads\/2016\/10\/Verviers-Harmonie-15.jpg 717w, https:\/\/www.kiosquesdumonde.net\/wordpress\/wp-content\/uploads\/2016\/10\/Verviers-Harmonie-15-300x226.jpg 300w, https:\/\/www.kiosquesdumonde.net\/wordpress\/wp-content\/uploads\/2016\/10\/Verviers-Harmonie-15-624x471.jpg 624w\" sizes=\"auto, (max-width: 717px) 100vw, 717px\" \/><\/p>\n<p style=\"padding-left: 30px;\">Apr\u00e8s des tiraillements entre l\u2019architecte et l\u2019entrepreneur, c\u2019est \u2019entrepreneur qui terminera les travaux. Finalement le kiosque qui a co\u00fbt\u00e9 8 402,51 francs belges au Cercle vervi\u00e9tois est inaugur\u00e9 le 13 ao\u00fbt 1854.<\/p>\n<p><img loading=\"lazy\" decoding=\"async\" class=\"wp-image-4194 alignleft\" src=\"https:\/\/www.kiosquesdumonde.net\/wordpress\/wp-content\/uploads\/2016\/10\/Verviers-Harmonie-16-226x300.jpg\" alt=\"verviers-harmonie-kiosque-16\" width=\"267\" height=\"354\" srcset=\"https:\/\/www.kiosquesdumonde.net\/wordpress\/wp-content\/uploads\/2016\/10\/Verviers-Harmonie-16-226x300.jpg 226w, https:\/\/www.kiosquesdumonde.net\/wordpress\/wp-content\/uploads\/2016\/10\/Verviers-Harmonie-16.jpg 541w\" sizes=\"auto, (max-width: 267px) 100vw, 267px\" \/><\/p>\n<p><img loading=\"lazy\" decoding=\"async\" class=\"wp-image-4195 alignright\" src=\"https:\/\/www.kiosquesdumonde.net\/wordpress\/wp-content\/uploads\/2016\/10\/Verviers-Harmonie-17-226x300.jpg\" alt=\"verviers-harmonie-kiosque-17\" width=\"267\" height=\"354\" srcset=\"https:\/\/www.kiosquesdumonde.net\/wordpress\/wp-content\/uploads\/2016\/10\/Verviers-Harmonie-17-226x300.jpg 226w, https:\/\/www.kiosquesdumonde.net\/wordpress\/wp-content\/uploads\/2016\/10\/Verviers-Harmonie-17.jpg 541w\" sizes=\"auto, (max-width: 267px) 100vw, 267px\" \/><\/p>\n<p><img loading=\"lazy\" decoding=\"async\" class=\"wp-image-4197 size-full\" src=\"https:\/\/www.kiosquesdumonde.net\/wordpress\/wp-content\/uploads\/2016\/10\/Verviers-Harmonie-19.jpg\" alt=\"verviers-harmonie-kiosque-19\" width=\"717\" height=\"541\" srcset=\"https:\/\/www.kiosquesdumonde.net\/wordpress\/wp-content\/uploads\/2016\/10\/Verviers-Harmonie-19.jpg 717w, https:\/\/www.kiosquesdumonde.net\/wordpress\/wp-content\/uploads\/2016\/10\/Verviers-Harmonie-19-300x226.jpg 300w, https:\/\/www.kiosquesdumonde.net\/wordpress\/wp-content\/uploads\/2016\/10\/Verviers-Harmonie-19-624x471.jpg 624w\" sizes=\"auto, (max-width: 717px) 100vw, 717px\" \/><\/p>\n<p style=\"padding-left: 30px;\">Le parc de Verviers et son kiosque sont class\u00e9s comme monument et comme site.<\/p>\n<p><iframe loading=\"lazy\" style=\"border: 0;\" src=\"https:\/\/www.google.com\/maps\/embed?pb=!1m18!1m12!1m3!1d2532.910608820012!2d5.853187815935477!3d50.59161477949513!2m3!1f0!2f0!3f0!3m2!1i1024!2i768!4f13.1!3m3!1m2!1s0x47c08bc0f1850fbf%3A0x8b3365ea3eaf1ab4!2sParc+de+l'Harmonie!5e0!3m2!1sfr!2sbe!4v1476722309884\" width=\"600\" height=\"450\" frameborder=\"0\" allowfullscreen=\"allowfullscreen\"><\/iframe><\/p>\n<\/div>\n<div id=\"ConnectiveDocSignExtentionInstalled\" data-extension-version=\"1.0.4\"><\/div>\n","protected":false},"excerpt":{"rendered":"<p>En 1854, un kiosque \u00e0 musique octogonal est construit dans le Jardin de l&rsquo;Harmonie. Il est surmont\u00e9 d\u2019une toiture en bulbe soutenue par d\u2019\u00e9l\u00e9gantes colonnes jumel\u00e9es. Le 7 f\u00e9vrier 1852 L\u00e9onard Mathonnet, administrateur de la musique, propose de faire \u00e9riger un kiosque dans les jardins de l\u2019harmonie. C\u2019est l\u2019architecte Thirion qui est charg\u00e9 des plans. [&hellip;]<\/p>\n","protected":false},"author":1,"featured_media":0,"comment_status":"closed","ping_status":"closed","sticky":false,"template":"","format":"standard","meta":{"footnotes":""},"categories":[9],"tags":[65,362,198],"class_list":["post-4190","post","type-post","status-publish","format-standard","hentry","category-actualites","tag-belgique","tag-liege","tag-verviers"],"_links":{"self":[{"href":"https:\/\/www.kiosquesdumonde.net\/wordpress\/wp-json\/wp\/v2\/posts\/4190","targetHints":{"allow":["GET"]}}],"collection":[{"href":"https:\/\/www.kiosquesdumonde.net\/wordpress\/wp-json\/wp\/v2\/posts"}],"about":[{"href":"https:\/\/www.kiosquesdumonde.net\/wordpress\/wp-json\/wp\/v2\/types\/post"}],"author":[{"embeddable":true,"href":"https:\/\/www.kiosquesdumonde.net\/wordpress\/wp-json\/wp\/v2\/users\/1"}],"replies":[{"embeddable":true,"href":"https:\/\/www.kiosquesdumonde.net\/wordpress\/wp-json\/wp\/v2\/comments?post=4190"}],"version-history":[{"count":34,"href":"https:\/\/www.kiosquesdumonde.net\/wordpress\/wp-json\/wp\/v2\/posts\/4190\/revisions"}],"predecessor-version":[{"id":7390,"href":"https:\/\/www.kiosquesdumonde.net\/wordpress\/wp-json\/wp\/v2\/posts\/4190\/revisions\/7390"}],"wp:attachment":[{"href":"https:\/\/www.kiosquesdumonde.net\/wordpress\/wp-json\/wp\/v2\/media?parent=4190"}],"wp:term":[{"taxonomy":"category","embeddable":true,"href":"https:\/\/www.kiosquesdumonde.net\/wordpress\/wp-json\/wp\/v2\/categories?post=4190"},{"taxonomy":"post_tag","embeddable":true,"href":"https:\/\/www.kiosquesdumonde.net\/wordpress\/wp-json\/wp\/v2\/tags?post=4190"}],"curies":[{"name":"wp","href":"https:\/\/api.w.org\/{rel}","templated":true}]}}