{"id":5382,"date":"2018-01-21T14:45:12","date_gmt":"2018-01-21T13:45:12","guid":{"rendered":"http:\/\/www.kiosquesdumonde.net\/wordpress\/?p=5382"},"modified":"2022-12-11T13:30:33","modified_gmt":"2022-12-11T12:30:33","slug":"kiosque-a-musique-a-sens-france","status":"publish","type":"post","link":"https:\/\/www.kiosquesdumonde.net\/wordpress\/kiosque-a-musique-a-sens-france\/","title":{"rendered":"Kiosque \u00e0 musique \u00e0 Sens (France)"},"content":{"rendered":"<div style=\"width: 625px; border: 3px solid #bff0c3; padding: 50px 25px;\">\n<p style=\"padding-left: 30px;\">Depuis 1892, les concerts d\u2019\u00e9t\u00e9 avaient lieu \u00e0 Sens sous un vieux kiosque mobile en fer et bois. Le remplacement du kiosque est envisag\u00e9 en 1936 sous l\u2019impulsion du directeur de l\u2019harmonie. L\u2019architecte d\u00e9sign\u00e9, Georges Colombier, pr\u00e9sente deux mod\u00e8les en mars 1936, l\u2019un m\u00e9tallique, l\u2019autre en ciment arm\u00e9 avec une coupole support\u00e9e par quatre colonnes.\u00a0 C\u2019est ce mod\u00e8le qui fut adopt\u00e9.<\/p>\n<p style=\"padding-left: 30px;\">Photos de juillet 1995<\/p>\n<p><img loading=\"lazy\" decoding=\"async\" class=\"wp-image-5386 size-full\" src=\"https:\/\/www.kiosquesdumonde.net\/wordpress\/wp-content\/uploads\/2018\/01\/Sens-01.jpg\" alt=\"Sens kiosque 01\" width=\"812\" height=\"549\" srcset=\"https:\/\/www.kiosquesdumonde.net\/wordpress\/wp-content\/uploads\/2018\/01\/Sens-01.jpg 812w, https:\/\/www.kiosquesdumonde.net\/wordpress\/wp-content\/uploads\/2018\/01\/Sens-01-300x203.jpg 300w, https:\/\/www.kiosquesdumonde.net\/wordpress\/wp-content\/uploads\/2018\/01\/Sens-01-768x519.jpg 768w, https:\/\/www.kiosquesdumonde.net\/wordpress\/wp-content\/uploads\/2018\/01\/Sens-01-624x422.jpg 624w\" sizes=\"auto, (max-width: 812px) 100vw, 812px\" \/><\/p>\n<p><img loading=\"lazy\" decoding=\"async\" class=\"wp-image-5387 alignleft\" src=\"https:\/\/www.kiosquesdumonde.net\/wordpress\/wp-content\/uploads\/2018\/01\/Sens-02-207x300.jpg\" alt=\"Sens kiosque 02\" width=\"277\" height=\"401\" srcset=\"https:\/\/www.kiosquesdumonde.net\/wordpress\/wp-content\/uploads\/2018\/01\/Sens-02-207x300.jpg 207w, https:\/\/www.kiosquesdumonde.net\/wordpress\/wp-content\/uploads\/2018\/01\/Sens-02.jpg 559w\" sizes=\"auto, (max-width: 277px) 100vw, 277px\" \/><\/p>\n<p><img loading=\"lazy\" decoding=\"async\" class=\"wp-image-5388 alignright\" src=\"https:\/\/www.kiosquesdumonde.net\/wordpress\/wp-content\/uploads\/2018\/01\/Sens-03-202x300.jpg\" alt=\"Sens kiosque 03\" width=\"272\" height=\"404\" srcset=\"https:\/\/www.kiosquesdumonde.net\/wordpress\/wp-content\/uploads\/2018\/01\/Sens-03-202x300.jpg 202w, https:\/\/www.kiosquesdumonde.net\/wordpress\/wp-content\/uploads\/2018\/01\/Sens-03.jpg 548w\" sizes=\"auto, (max-width: 272px) 100vw, 272px\" \/><\/p>\n<p>&nbsp;<\/p>\n<p>&nbsp;<\/p>\n<p>&nbsp;<\/p>\n<p>&nbsp;<\/p>\n<p>&nbsp;<\/p>\n<p>&nbsp;<\/p>\n<p>&nbsp;<\/p>\n<p>&nbsp;<\/p>\n<p>&nbsp;<\/p>\n<p style=\"padding-left: 30px;\">Le 15 avril 1937, ce fut l&rsquo;inauguration officielle avec un concert donn\u00e9 par le 4e RI d&rsquo;Auxerre.<br \/>\n[Sources : Moireau Jean-Claude, <em>Kiosques \u00e0 musique en Bourgogne<\/em>]<\/p>\n<p style=\"padding-left: 30px;\">Curieusement, une vasque a \u00e9t\u00e9 install\u00e9e au centre du kiosque, qui d\u00e8s lors ne devait plus servir tr\u00e8s souvent.<\/p>\n<p style=\"padding-left: 30px;\">Mais le kiosque \u00e0 musique est en mauvais \u00e9tat. Il est entour\u00e9 de barri\u00e8res.<\/p>\n<p style=\"padding-left: 30px;\">Photos d&rsquo;octobre 2017.\u00a0 (merci \u00e0 Christophe B. pour les photos)<\/p>\n<p><img loading=\"lazy\" decoding=\"async\" class=\"wp-image-5389 size-full\" src=\"https:\/\/www.kiosquesdumonde.net\/wordpress\/wp-content\/uploads\/2018\/01\/Sens-04.jpg\" alt=\"Sens kiosque 04\" width=\"812\" height=\"545\" srcset=\"https:\/\/www.kiosquesdumonde.net\/wordpress\/wp-content\/uploads\/2018\/01\/Sens-04.jpg 812w, https:\/\/www.kiosquesdumonde.net\/wordpress\/wp-content\/uploads\/2018\/01\/Sens-04-300x201.jpg 300w, https:\/\/www.kiosquesdumonde.net\/wordpress\/wp-content\/uploads\/2018\/01\/Sens-04-768x515.jpg 768w, https:\/\/www.kiosquesdumonde.net\/wordpress\/wp-content\/uploads\/2018\/01\/Sens-04-624x419.jpg 624w\" sizes=\"auto, (max-width: 812px) 100vw, 812px\" \/><\/p>\n<p><img loading=\"lazy\" decoding=\"async\" class=\"wp-image-5390 size-full\" src=\"https:\/\/www.kiosquesdumonde.net\/wordpress\/wp-content\/uploads\/2018\/01\/Sens-05.jpg\" alt=\"Sens kiosque 05\" width=\"812\" height=\"545\" srcset=\"https:\/\/www.kiosquesdumonde.net\/wordpress\/wp-content\/uploads\/2018\/01\/Sens-05.jpg 812w, https:\/\/www.kiosquesdumonde.net\/wordpress\/wp-content\/uploads\/2018\/01\/Sens-05-300x201.jpg 300w, https:\/\/www.kiosquesdumonde.net\/wordpress\/wp-content\/uploads\/2018\/01\/Sens-05-768x515.jpg 768w, https:\/\/www.kiosquesdumonde.net\/wordpress\/wp-content\/uploads\/2018\/01\/Sens-05-624x419.jpg 624w\" sizes=\"auto, (max-width: 812px) 100vw, 812px\" \/><\/p>\n<p><iframe loading=\"lazy\" style=\"border: 0;\" src=\"https:\/\/www.google.com\/maps\/embed?pb=!1m18!1m12!1m3!1d1329.9026106490942!2d3.2769529072669714!3d48.19938613843588!2m3!1f0!2f0!3f0!3m2!1i1024!2i768!4f13.1!3m3!1m2!1s0x47ef101b3026ba03%3A0xb2577414c922408b!2s7+Boulevard+Maup%C3%A9ou%2C+89100+Sens%2C+France!5e0!3m2!1sfr!2sbe!4v1516542161178\" width=\"600\" height=\"450\" frameborder=\"0\" allowfullscreen=\"allowfullscreen\"><\/iframe><\/p>\n<\/div>\n<div id=\"ConnectiveDocSignExtentionInstalled\" data-extension-version=\"1.0.4\"><\/div>\n","protected":false},"excerpt":{"rendered":"<p>Depuis 1892, les concerts d\u2019\u00e9t\u00e9 avaient lieu \u00e0 Sens sous un vieux kiosque mobile en fer et bois. Le remplacement du kiosque est envisag\u00e9 en 1936 sous l\u2019impulsion du directeur de l\u2019harmonie. L\u2019architecte d\u00e9sign\u00e9, Georges Colombier, pr\u00e9sente deux mod\u00e8les en mars 1936, l\u2019un m\u00e9tallique, l\u2019autre en ciment arm\u00e9 avec une coupole support\u00e9e par quatre colonnes.\u00a0 [&hellip;]<\/p>\n","protected":false},"author":1,"featured_media":0,"comment_status":"closed","ping_status":"closed","sticky":false,"template":"","format":"standard","meta":{"footnotes":""},"categories":[9],"tags":[57,261,340],"class_list":["post-5382","post","type-post","status-publish","format-standard","hentry","category-actualites","tag-france","tag-sens","tag-yonne"],"_links":{"self":[{"href":"https:\/\/www.kiosquesdumonde.net\/wordpress\/wp-json\/wp\/v2\/posts\/5382","targetHints":{"allow":["GET"]}}],"collection":[{"href":"https:\/\/www.kiosquesdumonde.net\/wordpress\/wp-json\/wp\/v2\/posts"}],"about":[{"href":"https:\/\/www.kiosquesdumonde.net\/wordpress\/wp-json\/wp\/v2\/types\/post"}],"author":[{"embeddable":true,"href":"https:\/\/www.kiosquesdumonde.net\/wordpress\/wp-json\/wp\/v2\/users\/1"}],"replies":[{"embeddable":true,"href":"https:\/\/www.kiosquesdumonde.net\/wordpress\/wp-json\/wp\/v2\/comments?post=5382"}],"version-history":[{"count":23,"href":"https:\/\/www.kiosquesdumonde.net\/wordpress\/wp-json\/wp\/v2\/posts\/5382\/revisions"}],"predecessor-version":[{"id":7283,"href":"https:\/\/www.kiosquesdumonde.net\/wordpress\/wp-json\/wp\/v2\/posts\/5382\/revisions\/7283"}],"wp:attachment":[{"href":"https:\/\/www.kiosquesdumonde.net\/wordpress\/wp-json\/wp\/v2\/media?parent=5382"}],"wp:term":[{"taxonomy":"category","embeddable":true,"href":"https:\/\/www.kiosquesdumonde.net\/wordpress\/wp-json\/wp\/v2\/categories?post=5382"},{"taxonomy":"post_tag","embeddable":true,"href":"https:\/\/www.kiosquesdumonde.net\/wordpress\/wp-json\/wp\/v2\/tags?post=5382"}],"curies":[{"name":"wp","href":"https:\/\/api.w.org\/{rel}","templated":true}]}}