{"id":5408,"date":"2018-01-25T12:17:32","date_gmt":"2018-01-25T11:17:32","guid":{"rendered":"http:\/\/www.kiosquesdumonde.net\/wordpress\/?p=5408"},"modified":"2022-12-11T13:29:31","modified_gmt":"2022-12-11T12:29:31","slug":"kiosque-a-musique-a-sare-france","status":"publish","type":"post","link":"https:\/\/www.kiosquesdumonde.net\/wordpress\/kiosque-a-musique-a-sare-france\/","title":{"rendered":"Kiosque \u00e0 musique \u00e0 Sare (France)"},"content":{"rendered":"<div style=\"width: 625px; border: 3px solid #bff0c3; padding: 50px 25px;\">\n<p><img loading=\"lazy\" decoding=\"async\" class=\"wp-image-5412 size-full\" src=\"https:\/\/www.kiosquesdumonde.net\/wordpress\/wp-content\/uploads\/2018\/01\/Sare-04.jpg\" alt=\"Sare kiosque 04\" width=\"812\" height=\"612\" srcset=\"https:\/\/www.kiosquesdumonde.net\/wordpress\/wp-content\/uploads\/2018\/01\/Sare-04.jpg 812w, https:\/\/www.kiosquesdumonde.net\/wordpress\/wp-content\/uploads\/2018\/01\/Sare-04-300x226.jpg 300w, https:\/\/www.kiosquesdumonde.net\/wordpress\/wp-content\/uploads\/2018\/01\/Sare-04-768x579.jpg 768w, https:\/\/www.kiosquesdumonde.net\/wordpress\/wp-content\/uploads\/2018\/01\/Sare-04-624x470.jpg 624w\" sizes=\"auto, (max-width: 812px) 100vw, 812px\" \/><\/p>\n<p style=\"padding-left: 30px;\">Dans ce village du Pays basque fran\u00e7ais, voici un kiosque rectangulaire avec 8 colonnes<br \/>\nen ferronnerie.<\/p>\n<p style=\"padding-left: 30px;\">Il poss\u00e8de un espace de rangement en sous-sol et est install\u00e9 sur la place de la mairie.<\/p>\n<p><img loading=\"lazy\" decoding=\"async\" class=\"wp-image-5411\" src=\"https:\/\/www.kiosquesdumonde.net\/wordpress\/wp-content\/uploads\/2018\/01\/Sare-02-300x226.jpg\" alt=\"Sare kiosque 02\" width=\"492\" height=\"370\" srcset=\"https:\/\/www.kiosquesdumonde.net\/wordpress\/wp-content\/uploads\/2018\/01\/Sare-02-300x226.jpg 300w, https:\/\/www.kiosquesdumonde.net\/wordpress\/wp-content\/uploads\/2018\/01\/Sare-02-768x579.jpg 768w, https:\/\/www.kiosquesdumonde.net\/wordpress\/wp-content\/uploads\/2018\/01\/Sare-02-624x470.jpg 624w, https:\/\/www.kiosquesdumonde.net\/wordpress\/wp-content\/uploads\/2018\/01\/Sare-02.jpg 812w\" sizes=\"auto, (max-width: 492px) 100vw, 492px\" \/><\/p>\n<p><img loading=\"lazy\" decoding=\"async\" class=\"wp-image-5413\" src=\"https:\/\/www.kiosquesdumonde.net\/wordpress\/wp-content\/uploads\/2018\/01\/Sare-05-226x300.jpg\" alt=\"Sare kiosque 05\" width=\"350\" height=\"465\" srcset=\"https:\/\/www.kiosquesdumonde.net\/wordpress\/wp-content\/uploads\/2018\/01\/Sare-05-226x300.jpg 226w, https:\/\/www.kiosquesdumonde.net\/wordpress\/wp-content\/uploads\/2018\/01\/Sare-05.jpg 612w\" sizes=\"auto, (max-width: 350px) 100vw, 350px\" \/><\/p>\n<p>La place de la mairie sert aussi pour le fronton basque.<\/p>\n<p><img loading=\"lazy\" decoding=\"async\" class=\"wp-image-5410 size-full\" src=\"https:\/\/www.kiosquesdumonde.net\/wordpress\/wp-content\/uploads\/2018\/01\/Sare-01.jpg\" alt=\"Sare kiosque 01\" width=\"812\" height=\"612\" srcset=\"https:\/\/www.kiosquesdumonde.net\/wordpress\/wp-content\/uploads\/2018\/01\/Sare-01.jpg 812w, https:\/\/www.kiosquesdumonde.net\/wordpress\/wp-content\/uploads\/2018\/01\/Sare-01-300x226.jpg 300w, https:\/\/www.kiosquesdumonde.net\/wordpress\/wp-content\/uploads\/2018\/01\/Sare-01-768x579.jpg 768w, https:\/\/www.kiosquesdumonde.net\/wordpress\/wp-content\/uploads\/2018\/01\/Sare-01-624x470.jpg 624w\" sizes=\"auto, (max-width: 812px) 100vw, 812px\" \/><\/p>\n<p><iframe loading=\"lazy\" style=\"border: 0;\" src=\"https:\/\/www.google.com\/maps\/embed?pb=!1m18!1m12!1m3!1d725.7671163948612!2d-1.5807870707554956!3d43.31282617450953!2m3!1f0!2f0!3f0!3m2!1i1024!2i768!4f13.1!3m3!1m2!1s0xd5119e73f997027%3A0xb7fcd42006d7fadb!2sMairie+de+Sare!5e0!3m2!1sfr!2sbe!4v1516878866537\" width=\"600\" height=\"450\" frameborder=\"0\" allowfullscreen=\"allowfullscreen\"><\/iframe><\/p>\n<\/div>\n<div id=\"ConnectiveDocSignExtentionInstalled\" data-extension-version=\"1.0.4\"><\/div>\n","protected":false},"excerpt":{"rendered":"<p>Dans ce village du Pays basque fran\u00e7ais, voici un kiosque rectangulaire avec 8 colonnes en ferronnerie. Il poss\u00e8de un espace de rangement en sous-sol et est install\u00e9 sur la place de la mairie. La place de la mairie sert aussi pour le fronton basque.<\/p>\n","protected":false},"author":1,"featured_media":0,"comment_status":"closed","ping_status":"closed","sticky":false,"template":"","format":"standard","meta":{"footnotes":""},"categories":[9],"tags":[57,339,262],"class_list":["post-5408","post","type-post","status-publish","format-standard","hentry","category-actualites","tag-france","tag-pyrenees-atlantiques","tag-sare"],"_links":{"self":[{"href":"https:\/\/www.kiosquesdumonde.net\/wordpress\/wp-json\/wp\/v2\/posts\/5408","targetHints":{"allow":["GET"]}}],"collection":[{"href":"https:\/\/www.kiosquesdumonde.net\/wordpress\/wp-json\/wp\/v2\/posts"}],"about":[{"href":"https:\/\/www.kiosquesdumonde.net\/wordpress\/wp-json\/wp\/v2\/types\/post"}],"author":[{"embeddable":true,"href":"https:\/\/www.kiosquesdumonde.net\/wordpress\/wp-json\/wp\/v2\/users\/1"}],"replies":[{"embeddable":true,"href":"https:\/\/www.kiosquesdumonde.net\/wordpress\/wp-json\/wp\/v2\/comments?post=5408"}],"version-history":[{"count":14,"href":"https:\/\/www.kiosquesdumonde.net\/wordpress\/wp-json\/wp\/v2\/posts\/5408\/revisions"}],"predecessor-version":[{"id":7282,"href":"https:\/\/www.kiosquesdumonde.net\/wordpress\/wp-json\/wp\/v2\/posts\/5408\/revisions\/7282"}],"wp:attachment":[{"href":"https:\/\/www.kiosquesdumonde.net\/wordpress\/wp-json\/wp\/v2\/media?parent=5408"}],"wp:term":[{"taxonomy":"category","embeddable":true,"href":"https:\/\/www.kiosquesdumonde.net\/wordpress\/wp-json\/wp\/v2\/categories?post=5408"},{"taxonomy":"post_tag","embeddable":true,"href":"https:\/\/www.kiosquesdumonde.net\/wordpress\/wp-json\/wp\/v2\/tags?post=5408"}],"curies":[{"name":"wp","href":"https:\/\/api.w.org\/{rel}","templated":true}]}}