{"id":5861,"date":"2018-11-28T17:19:14","date_gmt":"2018-11-28T16:19:14","guid":{"rendered":"http:\/\/www.kiosquesdumonde.net\/wordpress\/?p=5861"},"modified":"2022-12-11T09:35:54","modified_gmt":"2022-12-11T08:35:54","slug":"fete-au-kiosque-de-santiago-de-chile-chili","status":"publish","type":"post","link":"https:\/\/www.kiosquesdumonde.net\/wordpress\/fete-au-kiosque-de-santiago-de-chile-chili\/","title":{"rendered":"F\u00eate au kiosque de Santiago de Chile (Chili)"},"content":{"rendered":"<div style=\"width: 625px; border: 3px solid #bff0c3; padding: 50px 25px;\">\n<p style=\"padding-left: 30px;\">A Santiago du Chili, voici la c\u00e9l\u00e9bration des F\u00eates Patriotiques (Fiestas Patrias)<br \/>\nle 18 septembre 2018.<\/p>\n<p><img loading=\"lazy\" decoding=\"async\" class=\"wp-image-5863 size-full\" src=\"https:\/\/www.kiosquesdumonde.net\/wordpress\/wp-content\/uploads\/2018\/11\/Santiago-de-Chile-01.jpg\" alt=\"Santiago de Chile f\u00eate kiosque 01\" width=\"864\" height=\"652\" srcset=\"https:\/\/www.kiosquesdumonde.net\/wordpress\/wp-content\/uploads\/2018\/11\/Santiago-de-Chile-01.jpg 864w, https:\/\/www.kiosquesdumonde.net\/wordpress\/wp-content\/uploads\/2018\/11\/Santiago-de-Chile-01-300x226.jpg 300w, https:\/\/www.kiosquesdumonde.net\/wordpress\/wp-content\/uploads\/2018\/11\/Santiago-de-Chile-01-768x580.jpg 768w, https:\/\/www.kiosquesdumonde.net\/wordpress\/wp-content\/uploads\/2018\/11\/Santiago-de-Chile-01-850x641.jpg 850w, https:\/\/www.kiosquesdumonde.net\/wordpress\/wp-content\/uploads\/2018\/11\/Santiago-de-Chile-01-624x471.jpg 624w\" sizes=\"auto, (max-width: 864px) 100vw, 864px\" \/><\/p>\n<p style=\"padding-left: 30px;\">Le kiosque \u00e0 musique est au centre de la f\u00eate, sur la Plaza de Armas.<\/p>\n<p><img loading=\"lazy\" decoding=\"async\" class=\"aligncenter size-full wp-image-5864\" src=\"https:\/\/www.kiosquesdumonde.net\/wordpress\/wp-content\/uploads\/2018\/11\/Santiago-de-Chile-02.jpg\" alt=\"Santiago de Chile f\u00eate kiosque 02\" width=\"866\" height=\"840\" srcset=\"https:\/\/www.kiosquesdumonde.net\/wordpress\/wp-content\/uploads\/2018\/11\/Santiago-de-Chile-02.jpg 866w, https:\/\/www.kiosquesdumonde.net\/wordpress\/wp-content\/uploads\/2018\/11\/Santiago-de-Chile-02-300x291.jpg 300w, https:\/\/www.kiosquesdumonde.net\/wordpress\/wp-content\/uploads\/2018\/11\/Santiago-de-Chile-02-768x745.jpg 768w, https:\/\/www.kiosquesdumonde.net\/wordpress\/wp-content\/uploads\/2018\/11\/Santiago-de-Chile-02-850x824.jpg 850w, https:\/\/www.kiosquesdumonde.net\/wordpress\/wp-content\/uploads\/2018\/11\/Santiago-de-Chile-02-624x605.jpg 624w\" sizes=\"auto, (max-width: 866px) 100vw, 866px\" \/><\/p>\n<p><img loading=\"lazy\" decoding=\"async\" class=\"aligncenter size-full wp-image-5865\" src=\"https:\/\/www.kiosquesdumonde.net\/wordpress\/wp-content\/uploads\/2018\/11\/Santiago-de-Chile-03.jpg\" alt=\"Santiago de Chile f\u00eate kiosque 03\" width=\"862\" height=\"561\" srcset=\"https:\/\/www.kiosquesdumonde.net\/wordpress\/wp-content\/uploads\/2018\/11\/Santiago-de-Chile-03.jpg 862w, https:\/\/www.kiosquesdumonde.net\/wordpress\/wp-content\/uploads\/2018\/11\/Santiago-de-Chile-03-300x195.jpg 300w, https:\/\/www.kiosquesdumonde.net\/wordpress\/wp-content\/uploads\/2018\/11\/Santiago-de-Chile-03-768x500.jpg 768w, https:\/\/www.kiosquesdumonde.net\/wordpress\/wp-content\/uploads\/2018\/11\/Santiago-de-Chile-03-850x553.jpg 850w, https:\/\/www.kiosquesdumonde.net\/wordpress\/wp-content\/uploads\/2018\/11\/Santiago-de-Chile-03-624x406.jpg 624w\" sizes=\"auto, (max-width: 862px) 100vw, 862px\" \/><\/p>\n<p style=\"padding-left: 30px;\">Merci \u00e0 Dominique et Marie-Jos\u00e9 pour les photos.<\/p>\n<p><iframe loading=\"lazy\" style=\"border: 0;\" src=\"https:\/\/www.google.com\/maps\/embed?pb=!1m18!1m12!1m3!1d3329.4400760168146!2d-70.65266828441459!3d-33.437839404252095!2m3!1f0!2f0!3f0!3m2!1i1024!2i768!4f13.1!3m3!1m2!1s0x9662c5a390957307%3A0xef87ffe6bed7c7!2sPlaza+de+Armas!5e0!3m2!1sfr!2sbe!4v1543421818208\" width=\"600\" height=\"450\" frameborder=\"0\" allowfullscreen=\"allowfullscreen\"><\/iframe><\/p>\n<\/div>\n<div id=\"ConnectiveDocSignExtentionInstalled\" data-extension-version=\"1.0.4\"><\/div>\n","protected":false},"excerpt":{"rendered":"<p>A Santiago du Chili, voici la c\u00e9l\u00e9bration des F\u00eates Patriotiques (Fiestas Patrias) le 18 septembre 2018. Le kiosque \u00e0 musique est au centre de la f\u00eate, sur la Plaza de Armas. Merci \u00e0 Dominique et Marie-Jos\u00e9 pour les photos.<\/p>\n","protected":false},"author":1,"featured_media":0,"comment_status":"closed","ping_status":"closed","sticky":false,"template":"","format":"standard","meta":{"footnotes":""},"categories":[70],"tags":[73,295],"class_list":["post-5861","post","type-post","status-publish","format-standard","hentry","category-journal","tag-chili","tag-santiago"],"_links":{"self":[{"href":"https:\/\/www.kiosquesdumonde.net\/wordpress\/wp-json\/wp\/v2\/posts\/5861","targetHints":{"allow":["GET"]}}],"collection":[{"href":"https:\/\/www.kiosquesdumonde.net\/wordpress\/wp-json\/wp\/v2\/posts"}],"about":[{"href":"https:\/\/www.kiosquesdumonde.net\/wordpress\/wp-json\/wp\/v2\/types\/post"}],"author":[{"embeddable":true,"href":"https:\/\/www.kiosquesdumonde.net\/wordpress\/wp-json\/wp\/v2\/users\/1"}],"replies":[{"embeddable":true,"href":"https:\/\/www.kiosquesdumonde.net\/wordpress\/wp-json\/wp\/v2\/comments?post=5861"}],"version-history":[{"count":6,"href":"https:\/\/www.kiosquesdumonde.net\/wordpress\/wp-json\/wp\/v2\/posts\/5861\/revisions"}],"predecessor-version":[{"id":7245,"href":"https:\/\/www.kiosquesdumonde.net\/wordpress\/wp-json\/wp\/v2\/posts\/5861\/revisions\/7245"}],"wp:attachment":[{"href":"https:\/\/www.kiosquesdumonde.net\/wordpress\/wp-json\/wp\/v2\/media?parent=5861"}],"wp:term":[{"taxonomy":"category","embeddable":true,"href":"https:\/\/www.kiosquesdumonde.net\/wordpress\/wp-json\/wp\/v2\/categories?post=5861"},{"taxonomy":"post_tag","embeddable":true,"href":"https:\/\/www.kiosquesdumonde.net\/wordpress\/wp-json\/wp\/v2\/tags?post=5861"}],"curies":[{"name":"wp","href":"https:\/\/api.w.org\/{rel}","templated":true}]}}