{"id":6270,"date":"2019-06-05T09:21:36","date_gmt":"2019-06-05T08:21:36","guid":{"rendered":"http:\/\/www.kiosquesdumonde.net\/wordpress\/?p=6270"},"modified":"2019-06-05T09:21:36","modified_gmt":"2019-06-05T08:21:36","slug":"kiosque-a-musique-a-orotina-costa-rica","status":"publish","type":"post","link":"https:\/\/www.kiosquesdumonde.net\/wordpress\/kiosque-a-musique-a-orotina-costa-rica\/","title":{"rendered":"Kiosque \u00e0 musique \u00e0 Orotina (Costa Rica)"},"content":{"rendered":"<div style=\"width: 625px; border: 3px solid #bff0c3; padding: 50px 25px;\">\n<p style=\"padding-left: 30px;\">A Orotina, dans la province de Alajuela au Costa Rica, voici un kiosque \u00e0 musique en b\u00e9ton.<\/p>\n<div id=\"attachment_6272\" style=\"width: 874px\" class=\"wp-caption aligncenter\"><img loading=\"lazy\" decoding=\"async\" aria-describedby=\"caption-attachment-6272\" class=\"size-full wp-image-6272\" src=\"https:\/\/www.kiosquesdumonde.net\/wordpress\/wp-content\/uploads\/2019\/06\/Orotina-01.jpg\" alt=\"\" width=\"864\" height=\"652\" srcset=\"https:\/\/www.kiosquesdumonde.net\/wordpress\/wp-content\/uploads\/2019\/06\/Orotina-01.jpg 864w, https:\/\/www.kiosquesdumonde.net\/wordpress\/wp-content\/uploads\/2019\/06\/Orotina-01-300x226.jpg 300w, https:\/\/www.kiosquesdumonde.net\/wordpress\/wp-content\/uploads\/2019\/06\/Orotina-01-768x580.jpg 768w, https:\/\/www.kiosquesdumonde.net\/wordpress\/wp-content\/uploads\/2019\/06\/Orotina-01-850x641.jpg 850w, https:\/\/www.kiosquesdumonde.net\/wordpress\/wp-content\/uploads\/2019\/06\/Orotina-01-624x471.jpg 624w\" sizes=\"auto, (max-width: 864px) 100vw, 864px\" \/><p id=\"caption-attachment-6272\" class=\"wp-caption-text\">Photo Sophie et Daniel d\u00e9cembre 2016.<\/p><\/div>\n<p style=\"padding-left: 40px;\">Il est de forme octogonale avec des colonnes de style toscan dans le parc Jos\u00e9 Mart\u00ed.<\/p>\n<div id=\"attachment_6273\" style=\"width: 874px\" class=\"wp-caption aligncenter\"><img loading=\"lazy\" decoding=\"async\" aria-describedby=\"caption-attachment-6273\" class=\"size-full wp-image-6273\" src=\"https:\/\/www.kiosquesdumonde.net\/wordpress\/wp-content\/uploads\/2019\/06\/Orotina-02.jpg\" alt=\"\" width=\"864\" height=\"652\" srcset=\"https:\/\/www.kiosquesdumonde.net\/wordpress\/wp-content\/uploads\/2019\/06\/Orotina-02.jpg 864w, https:\/\/www.kiosquesdumonde.net\/wordpress\/wp-content\/uploads\/2019\/06\/Orotina-02-300x226.jpg 300w, https:\/\/www.kiosquesdumonde.net\/wordpress\/wp-content\/uploads\/2019\/06\/Orotina-02-768x580.jpg 768w, https:\/\/www.kiosquesdumonde.net\/wordpress\/wp-content\/uploads\/2019\/06\/Orotina-02-850x641.jpg 850w, https:\/\/www.kiosquesdumonde.net\/wordpress\/wp-content\/uploads\/2019\/06\/Orotina-02-624x471.jpg 624w\" sizes=\"auto, (max-width: 864px) 100vw, 864px\" \/><p id=\"caption-attachment-6273\" class=\"wp-caption-text\">Photo Sophie et Daniel d\u00e9cembre 2016.<\/p><\/div>\n<p style=\"padding-left: 40px;\">Une plaque indique qu\u2019il a \u00e9t\u00e9 inaugur\u00e9 en 1935 sous le troisi\u00e8me mandat du pr\u00e9sident Ricardo Jim\u00e9nez Oreamuno.<\/p>\n<div id=\"attachment_6274\" style=\"width: 874px\" class=\"wp-caption aligncenter\"><img loading=\"lazy\" decoding=\"async\" aria-describedby=\"caption-attachment-6274\" class=\"size-full wp-image-6274\" src=\"https:\/\/www.kiosquesdumonde.net\/wordpress\/wp-content\/uploads\/2019\/06\/Orotina-03.jpg\" alt=\"\" width=\"864\" height=\"652\" srcset=\"https:\/\/www.kiosquesdumonde.net\/wordpress\/wp-content\/uploads\/2019\/06\/Orotina-03.jpg 864w, https:\/\/www.kiosquesdumonde.net\/wordpress\/wp-content\/uploads\/2019\/06\/Orotina-03-300x226.jpg 300w, https:\/\/www.kiosquesdumonde.net\/wordpress\/wp-content\/uploads\/2019\/06\/Orotina-03-768x580.jpg 768w, https:\/\/www.kiosquesdumonde.net\/wordpress\/wp-content\/uploads\/2019\/06\/Orotina-03-850x641.jpg 850w, https:\/\/www.kiosquesdumonde.net\/wordpress\/wp-content\/uploads\/2019\/06\/Orotina-03-624x471.jpg 624w\" sizes=\"auto, (max-width: 864px) 100vw, 864px\" \/><p id=\"caption-attachment-6274\" class=\"wp-caption-text\">Photo Sophie et Daniel d\u00e9cembre 2016.<\/p><\/div>\n<p style=\"padding-left: 40px;\">Merci \u00e0 Sophie et Daniel pour les photos.<\/p>\n<p><iframe loading=\"lazy\" style=\"border: 0;\" src=\"https:\/\/www.google.com\/maps\/embed?pb=!1m18!1m12!1m3!1d18695.463096700376!2d-84.53543848887932!3d9.914211167377571!2m3!1f0!2f0!3f0!3m2!1i1024!2i768!4f13.1!3m3!1m2!1s0x8fa04b87bfe93a4b%3A0xd7428cfce89b271b!2zSm9zw6kgTWFydMOtIFBhcms!5e0!3m2!1sfr!2sbe!4v1559720501740!5m2!1sfr!2sbe\" width=\"600\" height=\"450\" frameborder=\"0\" allowfullscreen=\"allowfullscreen\"><\/iframe><\/p>\n<\/div>\n","protected":false},"excerpt":{"rendered":"<p>A Orotina, dans la province de Alajuela au Costa Rica, voici un kiosque \u00e0 musique en b\u00e9ton. Il est de forme octogonale avec des colonnes de style toscan dans le parc Jos\u00e9 Mart\u00ed. Une plaque indique qu\u2019il a \u00e9t\u00e9 inaugur\u00e9 en 1935 sous le troisi\u00e8me mandat du pr\u00e9sident Ricardo Jim\u00e9nez Oreamuno. Merci \u00e0 Sophie et [&hellip;]<\/p>\n","protected":false},"author":1,"featured_media":0,"comment_status":"closed","ping_status":"closed","sticky":false,"template":"","format":"standard","meta":{"footnotes":""},"categories":[9],"tags":[413,203,412],"class_list":["post-6270","post","type-post","status-publish","format-standard","hentry","category-actualites","tag-alajuela","tag-costa-rica","tag-orotina"],"_links":{"self":[{"href":"https:\/\/www.kiosquesdumonde.net\/wordpress\/wp-json\/wp\/v2\/posts\/6270","targetHints":{"allow":["GET"]}}],"collection":[{"href":"https:\/\/www.kiosquesdumonde.net\/wordpress\/wp-json\/wp\/v2\/posts"}],"about":[{"href":"https:\/\/www.kiosquesdumonde.net\/wordpress\/wp-json\/wp\/v2\/types\/post"}],"author":[{"embeddable":true,"href":"https:\/\/www.kiosquesdumonde.net\/wordpress\/wp-json\/wp\/v2\/users\/1"}],"replies":[{"embeddable":true,"href":"https:\/\/www.kiosquesdumonde.net\/wordpress\/wp-json\/wp\/v2\/comments?post=6270"}],"version-history":[{"count":4,"href":"https:\/\/www.kiosquesdumonde.net\/wordpress\/wp-json\/wp\/v2\/posts\/6270\/revisions"}],"predecessor-version":[{"id":6277,"href":"https:\/\/www.kiosquesdumonde.net\/wordpress\/wp-json\/wp\/v2\/posts\/6270\/revisions\/6277"}],"wp:attachment":[{"href":"https:\/\/www.kiosquesdumonde.net\/wordpress\/wp-json\/wp\/v2\/media?parent=6270"}],"wp:term":[{"taxonomy":"category","embeddable":true,"href":"https:\/\/www.kiosquesdumonde.net\/wordpress\/wp-json\/wp\/v2\/categories?post=6270"},{"taxonomy":"post_tag","embeddable":true,"href":"https:\/\/www.kiosquesdumonde.net\/wordpress\/wp-json\/wp\/v2\/tags?post=6270"}],"curies":[{"name":"wp","href":"https:\/\/api.w.org\/{rel}","templated":true}]}}