{"id":6278,"date":"2019-06-10T16:58:59","date_gmt":"2019-06-10T15:58:59","guid":{"rendered":"http:\/\/www.kiosquesdumonde.net\/wordpress\/?p=6278"},"modified":"2019-06-11T19:32:26","modified_gmt":"2019-06-11T18:32:26","slug":"kiosque-a-musique-a-la-panne-belgique","status":"publish","type":"post","link":"https:\/\/www.kiosquesdumonde.net\/wordpress\/kiosque-a-musique-a-la-panne-belgique\/","title":{"rendered":"Kiosque \u00e0 musique \u00e0 La Panne (Belgique)"},"content":{"rendered":"<div style=\"width: 625px; border: 3px solid #bff0c3; padding: 50px 25px;\">\n<p style=\"padding-left: 30px;\">A La Panne, (en n\u00e9erlandais \u00ab\u00a0De Panne\u00a0\u00bb), station baln\u00e9aire, il y a toujours eu un kiosque \u00e0 musique.<\/p>\n<p style=\"padding-left: 40px;\">Ici avant 1914 en bois<\/p>\n<div id=\"attachment_6280\" style=\"width: 872px\" class=\"wp-caption aligncenter\"><img loading=\"lazy\" decoding=\"async\" aria-describedby=\"caption-attachment-6280\" class=\"size-full wp-image-6280\" src=\"https:\/\/www.kiosquesdumonde.net\/wordpress\/wp-content\/uploads\/2019\/06\/01-La-Panne-avant-1914.jpg\" alt=\"\" width=\"862\" height=\"564\" srcset=\"https:\/\/www.kiosquesdumonde.net\/wordpress\/wp-content\/uploads\/2019\/06\/01-La-Panne-avant-1914.jpg 862w, https:\/\/www.kiosquesdumonde.net\/wordpress\/wp-content\/uploads\/2019\/06\/01-La-Panne-avant-1914-300x196.jpg 300w, https:\/\/www.kiosquesdumonde.net\/wordpress\/wp-content\/uploads\/2019\/06\/01-La-Panne-avant-1914-768x502.jpg 768w, https:\/\/www.kiosquesdumonde.net\/wordpress\/wp-content\/uploads\/2019\/06\/01-La-Panne-avant-1914-850x556.jpg 850w, https:\/\/www.kiosquesdumonde.net\/wordpress\/wp-content\/uploads\/2019\/06\/01-La-Panne-avant-1914-624x408.jpg 624w\" sizes=\"auto, (max-width: 862px) 100vw, 862px\" \/><p id=\"caption-attachment-6280\" class=\"wp-caption-text\">H\u00e9liotypie de Graeve, Gand.<\/p><\/div>\n<p style=\"padding-left: 40px;\">En 1929, construction d&rsquo;un kiosque \u00e0 musique en b\u00e9ton par l&rsquo;entrepreneur<br \/>\nGeorges Demolder d&rsquo;apr\u00e8s les plans de l&rsquo;architecte de la ville Charles Crevits.<\/p>\n<div id=\"attachment_6281\" style=\"width: 465px\" class=\"wp-caption aligncenter\"><img loading=\"lazy\" decoding=\"async\" aria-describedby=\"caption-attachment-6281\" class=\" wp-image-6281\" src=\"https:\/\/www.kiosquesdumonde.net\/wordpress\/wp-content\/uploads\/2019\/06\/02-La-Panne-1929-1942.jpg\" alt=\"\" width=\"455\" height=\"698\" srcset=\"https:\/\/www.kiosquesdumonde.net\/wordpress\/wp-content\/uploads\/2019\/06\/02-La-Panne-1929-1942.jpg 562w, https:\/\/www.kiosquesdumonde.net\/wordpress\/wp-content\/uploads\/2019\/06\/02-La-Panne-1929-1942-196x300.jpg 196w, https:\/\/www.kiosquesdumonde.net\/wordpress\/wp-content\/uploads\/2019\/06\/02-La-Panne-1929-1942-554x850.jpg 554w\" sizes=\"auto, (max-width: 455px) 100vw, 455px\" \/><p id=\"caption-attachment-6281\" class=\"wp-caption-text\">Editions Ern.Thill,Bruxelles, bromurite N\u00b036<\/p><\/div>\n<p>&nbsp;<\/p>\n<div id=\"attachment_6282\" style=\"width: 872px\" class=\"wp-caption aligncenter\"><img loading=\"lazy\" decoding=\"async\" aria-describedby=\"caption-attachment-6282\" class=\"size-full wp-image-6282\" src=\"https:\/\/www.kiosquesdumonde.net\/wordpress\/wp-content\/uploads\/2019\/06\/03-La-Panne-1929-1942.jpg\" alt=\"\" width=\"862\" height=\"552\" srcset=\"https:\/\/www.kiosquesdumonde.net\/wordpress\/wp-content\/uploads\/2019\/06\/03-La-Panne-1929-1942.jpg 862w, https:\/\/www.kiosquesdumonde.net\/wordpress\/wp-content\/uploads\/2019\/06\/03-La-Panne-1929-1942-300x192.jpg 300w, https:\/\/www.kiosquesdumonde.net\/wordpress\/wp-content\/uploads\/2019\/06\/03-La-Panne-1929-1942-768x492.jpg 768w, https:\/\/www.kiosquesdumonde.net\/wordpress\/wp-content\/uploads\/2019\/06\/03-La-Panne-1929-1942-850x544.jpg 850w, https:\/\/www.kiosquesdumonde.net\/wordpress\/wp-content\/uploads\/2019\/06\/03-La-Panne-1929-1942-624x400.jpg 624w\" sizes=\"auto, (max-width: 862px) 100vw, 862px\" \/><p id=\"caption-attachment-6282\" class=\"wp-caption-text\">\u00ab\u00a0Star\u00a0\u00bb Editeur De Graeve \u00e0 Gand<\/p><\/div>\n<p style=\"padding-left: 40px;\">On acc\u00e9dait au kiosque par la digue.<br \/>\nEn sous-sol se trouvait le poste de secours ouvert sur la plage.<\/p>\n<div id=\"attachment_6283\" style=\"width: 872px\" class=\"wp-caption aligncenter\"><img loading=\"lazy\" decoding=\"async\" aria-describedby=\"caption-attachment-6283\" class=\"size-full wp-image-6283\" src=\"https:\/\/www.kiosquesdumonde.net\/wordpress\/wp-content\/uploads\/2019\/06\/04-La-Panne-1929-1942.jpg\" alt=\"\" width=\"862\" height=\"556\" srcset=\"https:\/\/www.kiosquesdumonde.net\/wordpress\/wp-content\/uploads\/2019\/06\/04-La-Panne-1929-1942.jpg 862w, https:\/\/www.kiosquesdumonde.net\/wordpress\/wp-content\/uploads\/2019\/06\/04-La-Panne-1929-1942-300x194.jpg 300w, https:\/\/www.kiosquesdumonde.net\/wordpress\/wp-content\/uploads\/2019\/06\/04-La-Panne-1929-1942-768x495.jpg 768w, https:\/\/www.kiosquesdumonde.net\/wordpress\/wp-content\/uploads\/2019\/06\/04-La-Panne-1929-1942-850x548.jpg 850w, https:\/\/www.kiosquesdumonde.net\/wordpress\/wp-content\/uploads\/2019\/06\/04-La-Panne-1929-1942-624x402.jpg 624w\" sizes=\"auto, (max-width: 862px) 100vw, 862px\" \/><p id=\"caption-attachment-6283\" class=\"wp-caption-text\">\u00ab\u00a0Albert\u00a0\u00bb phototypie A.Dohmen, Bruxelles no 7<\/p><\/div>\n<p style=\"padding-left: 40px;\">Ce kiosque fut d\u00e9truit le 8 septembre 1942 dans les bombardements d\u00e9fendant la c\u00f4te pendant la seconde guerre mondiale.<\/p>\n<div id=\"attachment_6284\" style=\"width: 872px\" class=\"wp-caption aligncenter\"><img loading=\"lazy\" decoding=\"async\" aria-describedby=\"caption-attachment-6284\" class=\"size-full wp-image-6284\" src=\"https:\/\/www.kiosquesdumonde.net\/wordpress\/wp-content\/uploads\/2019\/06\/05-La-Panne-1929-1942.jpg\" alt=\"\" width=\"862\" height=\"559\" srcset=\"https:\/\/www.kiosquesdumonde.net\/wordpress\/wp-content\/uploads\/2019\/06\/05-La-Panne-1929-1942.jpg 862w, https:\/\/www.kiosquesdumonde.net\/wordpress\/wp-content\/uploads\/2019\/06\/05-La-Panne-1929-1942-300x195.jpg 300w, https:\/\/www.kiosquesdumonde.net\/wordpress\/wp-content\/uploads\/2019\/06\/05-La-Panne-1929-1942-768x498.jpg 768w, https:\/\/www.kiosquesdumonde.net\/wordpress\/wp-content\/uploads\/2019\/06\/05-La-Panne-1929-1942-850x551.jpg 850w, https:\/\/www.kiosquesdumonde.net\/wordpress\/wp-content\/uploads\/2019\/06\/05-La-Panne-1929-1942-624x405.jpg 624w\" sizes=\"auto, (max-width: 862px) 100vw, 862px\" \/><p id=\"caption-attachment-6284\" class=\"wp-caption-text\">coll. Invalide Teray<\/p><\/div>\n<p style=\"padding-left: 40px;\">Il ne fut jamais reconstruit.<\/p>\n<p style=\"padding-left: 40px;\">Dans les ann\u00e9es 50, on installait un kiosque provisoire.<\/p>\n<div id=\"attachment_6285\" style=\"width: 872px\" class=\"wp-caption aligncenter\"><img loading=\"lazy\" decoding=\"async\" aria-describedby=\"caption-attachment-6285\" class=\"size-full wp-image-6285\" src=\"https:\/\/www.kiosquesdumonde.net\/wordpress\/wp-content\/uploads\/2019\/06\/06-La-Panne-vers-1950.jpg\" alt=\"\" width=\"862\" height=\"531\" srcset=\"https:\/\/www.kiosquesdumonde.net\/wordpress\/wp-content\/uploads\/2019\/06\/06-La-Panne-vers-1950.jpg 862w, https:\/\/www.kiosquesdumonde.net\/wordpress\/wp-content\/uploads\/2019\/06\/06-La-Panne-vers-1950-300x185.jpg 300w, https:\/\/www.kiosquesdumonde.net\/wordpress\/wp-content\/uploads\/2019\/06\/06-La-Panne-vers-1950-768x473.jpg 768w, https:\/\/www.kiosquesdumonde.net\/wordpress\/wp-content\/uploads\/2019\/06\/06-La-Panne-vers-1950-850x524.jpg 850w, https:\/\/www.kiosquesdumonde.net\/wordpress\/wp-content\/uploads\/2019\/06\/06-La-Panne-vers-1950-624x384.jpg 624w\" sizes=\"auto, (max-width: 862px) 100vw, 862px\" \/><p id=\"caption-attachment-6285\" class=\"wp-caption-text\">photo v\u00e9ritable Edit. J. Prevot Antwerpen<\/p><\/div>\n<p style=\"padding-left: 40px;\">Cartes postales anciennes collection M.C.<\/p>\n<p><iframe loading=\"lazy\" style=\"border: 0;\" src=\"https:\/\/www.google.com\/maps\/embed?pb=!1m18!1m12!1m3!1d2505.2782988623426!2d2.588799500946905!3d51.10332529564917!2m3!1f0!2f0!3f0!3m2!1i1024!2i768!4f13.1!3m3!1m2!1s0x47dc96e72e4bfe0d%3A0xdfa074b1cd862fa0!2sRestro!5e0!3m2!1sfr!2sbe!4v1560182083120!5m2!1sfr!2sbe\" width=\"600\" height=\"450\" frameborder=\"0\" allowfullscreen=\"allowfullscreen\"><\/iframe><\/p>\n<\/div>\n","protected":false},"excerpt":{"rendered":"<p>A La Panne, (en n\u00e9erlandais \u00ab\u00a0De Panne\u00a0\u00bb), station baln\u00e9aire, il y a toujours eu un kiosque \u00e0 musique. Ici avant 1914 en bois En 1929, construction d&rsquo;un kiosque \u00e0 musique en b\u00e9ton par l&rsquo;entrepreneur Georges Demolder d&rsquo;apr\u00e8s les plans de l&rsquo;architecte de la ville Charles Crevits. &nbsp; On acc\u00e9dait au kiosque par la digue. En [&hellip;]<\/p>\n","protected":false},"author":1,"featured_media":0,"comment_status":"closed","ping_status":"closed","sticky":false,"template":"","format":"standard","meta":{"footnotes":""},"categories":[9],"tags":[65,414,343],"class_list":["post-6278","post","type-post","status-publish","format-standard","hentry","category-actualites","tag-belgique","tag-de-panne","tag-flandre-occidentale"],"_links":{"self":[{"href":"https:\/\/www.kiosquesdumonde.net\/wordpress\/wp-json\/wp\/v2\/posts\/6278","targetHints":{"allow":["GET"]}}],"collection":[{"href":"https:\/\/www.kiosquesdumonde.net\/wordpress\/wp-json\/wp\/v2\/posts"}],"about":[{"href":"https:\/\/www.kiosquesdumonde.net\/wordpress\/wp-json\/wp\/v2\/types\/post"}],"author":[{"embeddable":true,"href":"https:\/\/www.kiosquesdumonde.net\/wordpress\/wp-json\/wp\/v2\/users\/1"}],"replies":[{"embeddable":true,"href":"https:\/\/www.kiosquesdumonde.net\/wordpress\/wp-json\/wp\/v2\/comments?post=6278"}],"version-history":[{"count":6,"href":"https:\/\/www.kiosquesdumonde.net\/wordpress\/wp-json\/wp\/v2\/posts\/6278\/revisions"}],"predecessor-version":[{"id":6290,"href":"https:\/\/www.kiosquesdumonde.net\/wordpress\/wp-json\/wp\/v2\/posts\/6278\/revisions\/6290"}],"wp:attachment":[{"href":"https:\/\/www.kiosquesdumonde.net\/wordpress\/wp-json\/wp\/v2\/media?parent=6278"}],"wp:term":[{"taxonomy":"category","embeddable":true,"href":"https:\/\/www.kiosquesdumonde.net\/wordpress\/wp-json\/wp\/v2\/categories?post=6278"},{"taxonomy":"post_tag","embeddable":true,"href":"https:\/\/www.kiosquesdumonde.net\/wordpress\/wp-json\/wp\/v2\/tags?post=6278"}],"curies":[{"name":"wp","href":"https:\/\/api.w.org\/{rel}","templated":true}]}}