{"id":6410,"date":"2019-10-18T17:13:59","date_gmt":"2019-10-18T16:13:59","guid":{"rendered":"http:\/\/www.kiosquesdumonde.net\/wordpress\/?p=6410"},"modified":"2019-10-20T07:33:35","modified_gmt":"2019-10-20T06:33:35","slug":"kiosque-a-musique-a-mexico-mexique","status":"publish","type":"post","link":"https:\/\/www.kiosquesdumonde.net\/wordpress\/kiosque-a-musique-a-mexico-mexique\/","title":{"rendered":"Kiosque \u00e0 musique \u00e0 M\u00e9xico (Mexique)"},"content":{"rendered":"<div style=\"width: 625px; border: 3px solid #bff0c3; padding: 50px 25px;\">\n<p style=\"padding-left: 30px;\">Kiosque \u00e0 musique install\u00e9 sur le Parque Alameda Central \u00e0 M\u00e9xico.<\/p>\n<p style=\"padding-left: 40px;\">Le kiosque en 2006&#8230;<\/p>\n<div id=\"attachment_6413\" style=\"width: 874px\" class=\"wp-caption aligncenter\"><img loading=\"lazy\" decoding=\"async\" aria-describedby=\"caption-attachment-6413\" class=\"size-full wp-image-6413\" src=\"https:\/\/www.kiosquesdumonde.net\/wordpress\/wp-content\/uploads\/2019\/10\/01-Mexico-Alameda-Alain-septembre-2006-1.jpg\" alt=\"\" width=\"864\" height=\"652\" srcset=\"https:\/\/www.kiosquesdumonde.net\/wordpress\/wp-content\/uploads\/2019\/10\/01-Mexico-Alameda-Alain-septembre-2006-1.jpg 864w, https:\/\/www.kiosquesdumonde.net\/wordpress\/wp-content\/uploads\/2019\/10\/01-Mexico-Alameda-Alain-septembre-2006-1-300x226.jpg 300w, https:\/\/www.kiosquesdumonde.net\/wordpress\/wp-content\/uploads\/2019\/10\/01-Mexico-Alameda-Alain-septembre-2006-1-768x580.jpg 768w, https:\/\/www.kiosquesdumonde.net\/wordpress\/wp-content\/uploads\/2019\/10\/01-Mexico-Alameda-Alain-septembre-2006-1-850x641.jpg 850w, https:\/\/www.kiosquesdumonde.net\/wordpress\/wp-content\/uploads\/2019\/10\/01-Mexico-Alameda-Alain-septembre-2006-1-624x471.jpg 624w\" sizes=\"auto, (max-width: 864px) 100vw, 864px\" \/><p id=\"caption-attachment-6413\" class=\"wp-caption-text\">\u00a9 Alain (septembre 2006)<\/p><\/div>\n<div id=\"attachment_6414\" style=\"width: 378px\" class=\"wp-caption aligncenter\"><img loading=\"lazy\" decoding=\"async\" aria-describedby=\"caption-attachment-6414\" class=\" wp-image-6414\" src=\"https:\/\/www.kiosquesdumonde.net\/wordpress\/wp-content\/uploads\/2019\/10\/02-Mexico-Alameda-Alain-septembre-2006-2.jpg\" alt=\"\" width=\"368\" height=\"488\" srcset=\"https:\/\/www.kiosquesdumonde.net\/wordpress\/wp-content\/uploads\/2019\/10\/02-Mexico-Alameda-Alain-septembre-2006-2.jpg 652w, https:\/\/www.kiosquesdumonde.net\/wordpress\/wp-content\/uploads\/2019\/10\/02-Mexico-Alameda-Alain-septembre-2006-2-226x300.jpg 226w, https:\/\/www.kiosquesdumonde.net\/wordpress\/wp-content\/uploads\/2019\/10\/02-Mexico-Alameda-Alain-septembre-2006-2-641x850.jpg 641w, https:\/\/www.kiosquesdumonde.net\/wordpress\/wp-content\/uploads\/2019\/10\/02-Mexico-Alameda-Alain-septembre-2006-2-624x827.jpg 624w\" sizes=\"auto, (max-width: 368px) 100vw, 368px\" \/><p id=\"caption-attachment-6414\" class=\"wp-caption-text\">\u00a9 Alain (septembre 2006)<\/p><\/div>\n<p style=\"padding-left: 40px;\">Sa construction a commenc\u00e9 en 1910 dans un chaos social total d\u00fb \u00e0 la<br \/>\nr\u00e9volution mexicaine.<\/p>\n<p style=\"padding-left: 40px;\">&#8230;en 2007<\/p>\n<div id=\"attachment_6415\" style=\"width: 874px\" class=\"wp-caption aligncenter\"><img loading=\"lazy\" decoding=\"async\" aria-describedby=\"caption-attachment-6415\" class=\"size-full wp-image-6415\" src=\"https:\/\/www.kiosquesdumonde.net\/wordpress\/wp-content\/uploads\/2019\/10\/03-Mexico-Alameda-Ben-octobre-2007.jpg\" alt=\"\" width=\"864\" height=\"652\" srcset=\"https:\/\/www.kiosquesdumonde.net\/wordpress\/wp-content\/uploads\/2019\/10\/03-Mexico-Alameda-Ben-octobre-2007.jpg 864w, https:\/\/www.kiosquesdumonde.net\/wordpress\/wp-content\/uploads\/2019\/10\/03-Mexico-Alameda-Ben-octobre-2007-300x226.jpg 300w, https:\/\/www.kiosquesdumonde.net\/wordpress\/wp-content\/uploads\/2019\/10\/03-Mexico-Alameda-Ben-octobre-2007-768x580.jpg 768w, https:\/\/www.kiosquesdumonde.net\/wordpress\/wp-content\/uploads\/2019\/10\/03-Mexico-Alameda-Ben-octobre-2007-850x641.jpg 850w, https:\/\/www.kiosquesdumonde.net\/wordpress\/wp-content\/uploads\/2019\/10\/03-Mexico-Alameda-Ben-octobre-2007-624x471.jpg 624w\" sizes=\"auto, (max-width: 864px) 100vw, 864px\" \/><p id=\"caption-attachment-6415\" class=\"wp-caption-text\">\u00a9 Beno\u00eet (octobre 2007)<\/p><\/div>\n<p style=\"padding-left: 40px;\">Il est situ\u00e9 non loin du mus\u00e9e Palacio de Bellas Artes.<\/p>\n<p style=\"padding-left: 40px;\">&#8230; en 2019.<\/p>\n<div id=\"attachment_6416\" style=\"width: 1161px\" class=\"wp-caption aligncenter\"><img loading=\"lazy\" decoding=\"async\" aria-describedby=\"caption-attachment-6416\" class=\"size-full wp-image-6416\" src=\"https:\/\/www.kiosquesdumonde.net\/wordpress\/wp-content\/uploads\/2019\/10\/04Mexico-Alameda-Ben-octobre-2019-1.jpg\" alt=\"\" width=\"1151\" height=\"868\" srcset=\"https:\/\/www.kiosquesdumonde.net\/wordpress\/wp-content\/uploads\/2019\/10\/04Mexico-Alameda-Ben-octobre-2019-1.jpg 1151w, https:\/\/www.kiosquesdumonde.net\/wordpress\/wp-content\/uploads\/2019\/10\/04Mexico-Alameda-Ben-octobre-2019-1-300x226.jpg 300w, https:\/\/www.kiosquesdumonde.net\/wordpress\/wp-content\/uploads\/2019\/10\/04Mexico-Alameda-Ben-octobre-2019-1-768x579.jpg 768w, https:\/\/www.kiosquesdumonde.net\/wordpress\/wp-content\/uploads\/2019\/10\/04Mexico-Alameda-Ben-octobre-2019-1-850x641.jpg 850w, https:\/\/www.kiosquesdumonde.net\/wordpress\/wp-content\/uploads\/2019\/10\/04Mexico-Alameda-Ben-octobre-2019-1-624x471.jpg 624w\" sizes=\"auto, (max-width: 1151px) 100vw, 1151px\" \/><p id=\"caption-attachment-6416\" class=\"wp-caption-text\">\u00a9 Beno\u00eet (octobre 2019) 1<\/p><\/div>\n<p style=\"padding-left: 40px;\">Tout le jardin a \u00e9t\u00e9 restaur\u00e9 en 2012 : le toit du kiosque a chang\u00e9 de couleur.<\/p>\n<div id=\"attachment_6417\" style=\"width: 874px\" class=\"wp-caption aligncenter\"><img loading=\"lazy\" decoding=\"async\" aria-describedby=\"caption-attachment-6417\" class=\"size-full wp-image-6417\" src=\"https:\/\/www.kiosquesdumonde.net\/wordpress\/wp-content\/uploads\/2019\/10\/05-Mexico-Alameda-Ben-octobre-2019-2.jpg\" alt=\"\" width=\"864\" height=\"652\" srcset=\"https:\/\/www.kiosquesdumonde.net\/wordpress\/wp-content\/uploads\/2019\/10\/05-Mexico-Alameda-Ben-octobre-2019-2.jpg 864w, https:\/\/www.kiosquesdumonde.net\/wordpress\/wp-content\/uploads\/2019\/10\/05-Mexico-Alameda-Ben-octobre-2019-2-300x226.jpg 300w, https:\/\/www.kiosquesdumonde.net\/wordpress\/wp-content\/uploads\/2019\/10\/05-Mexico-Alameda-Ben-octobre-2019-2-768x580.jpg 768w, https:\/\/www.kiosquesdumonde.net\/wordpress\/wp-content\/uploads\/2019\/10\/05-Mexico-Alameda-Ben-octobre-2019-2-850x641.jpg 850w, https:\/\/www.kiosquesdumonde.net\/wordpress\/wp-content\/uploads\/2019\/10\/05-Mexico-Alameda-Ben-octobre-2019-2-624x471.jpg 624w\" sizes=\"auto, (max-width: 864px) 100vw, 864px\" \/><p id=\"caption-attachment-6417\" class=\"wp-caption-text\">\u00a9 Beno\u00eet (octobre 2019) 2<\/p><\/div>\n<p style=\"padding-left: 40px;\">Merci \u00e0 Alain et Beno\u00eet pour les photos.<\/p>\n<p><iframe loading=\"lazy\" style=\"border: 0;\" src=\"https:\/\/www.google.com\/maps\/embed?pb=!1m18!1m12!1m3!1d1881.2290439852602!2d-99.1450299909581!3d19.4358067895386!2m3!1f0!2f0!3f0!3m2!1i1024!2i768!4f13.1!3m3!1m2!1s0x85d1f92a5b9dea63%3A0x2b904ff868df28ad!2sCentral%20Alameda%20Kiosk!5e0!3m2!1sfr!2sbe!4v1571414902318!5m2!1sfr!2sbe\" width=\"600\" height=\"450\" frameborder=\"0\" allowfullscreen=\"allowfullscreen\"><\/iframe><\/p>\n<\/div>\n","protected":false},"excerpt":{"rendered":"<p>Kiosque \u00e0 musique install\u00e9 sur le Parque Alameda Central \u00e0 M\u00e9xico. Le kiosque en 2006&#8230; Sa construction a commenc\u00e9 en 1910 dans un chaos social total d\u00fb \u00e0 la r\u00e9volution mexicaine. &#8230;en 2007 Il est situ\u00e9 non loin du mus\u00e9e Palacio de Bellas Artes. &#8230; en 2019. Tout le jardin a \u00e9t\u00e9 restaur\u00e9 en 2012 [&hellip;]<\/p>\n","protected":false},"author":1,"featured_media":0,"comment_status":"closed","ping_status":"closed","sticky":false,"template":"","format":"standard","meta":{"footnotes":""},"categories":[9],"tags":[429,71],"class_list":["post-6410","post","type-post","status-publish","format-standard","hentry","category-actualites","tag-mexico","tag-mexique"],"_links":{"self":[{"href":"https:\/\/www.kiosquesdumonde.net\/wordpress\/wp-json\/wp\/v2\/posts\/6410","targetHints":{"allow":["GET"]}}],"collection":[{"href":"https:\/\/www.kiosquesdumonde.net\/wordpress\/wp-json\/wp\/v2\/posts"}],"about":[{"href":"https:\/\/www.kiosquesdumonde.net\/wordpress\/wp-json\/wp\/v2\/types\/post"}],"author":[{"embeddable":true,"href":"https:\/\/www.kiosquesdumonde.net\/wordpress\/wp-json\/wp\/v2\/users\/1"}],"replies":[{"embeddable":true,"href":"https:\/\/www.kiosquesdumonde.net\/wordpress\/wp-json\/wp\/v2\/comments?post=6410"}],"version-history":[{"count":7,"href":"https:\/\/www.kiosquesdumonde.net\/wordpress\/wp-json\/wp\/v2\/posts\/6410\/revisions"}],"predecessor-version":[{"id":6422,"href":"https:\/\/www.kiosquesdumonde.net\/wordpress\/wp-json\/wp\/v2\/posts\/6410\/revisions\/6422"}],"wp:attachment":[{"href":"https:\/\/www.kiosquesdumonde.net\/wordpress\/wp-json\/wp\/v2\/media?parent=6410"}],"wp:term":[{"taxonomy":"category","embeddable":true,"href":"https:\/\/www.kiosquesdumonde.net\/wordpress\/wp-json\/wp\/v2\/categories?post=6410"},{"taxonomy":"post_tag","embeddable":true,"href":"https:\/\/www.kiosquesdumonde.net\/wordpress\/wp-json\/wp\/v2\/tags?post=6410"}],"curies":[{"name":"wp","href":"https:\/\/api.w.org\/{rel}","templated":true}]}}