{"id":6689,"date":"2020-10-24T16:33:43","date_gmt":"2020-10-24T15:33:43","guid":{"rendered":"http:\/\/www.kiosquesdumonde.net\/wordpress\/?p=6689"},"modified":"2020-10-25T09:21:14","modified_gmt":"2020-10-25T08:21:14","slug":"kiosque-a-musique-exposition-universelle-de-liege-1905-belgique","status":"publish","type":"post","link":"https:\/\/www.kiosquesdumonde.net\/wordpress\/kiosque-a-musique-exposition-universelle-de-liege-1905-belgique\/","title":{"rendered":"Kiosque \u00e0 musique \u2013 Exposition universelle de Li\u00e8ge 1905 (Belgique)"},"content":{"rendered":"<div style=\"width: 625px; border: 3px solid #bff0c3; padding: 50px 25px;\">\n<p style=\"padding-left: 30px;\">\u00c0 l&rsquo;occasion du 75e anniversaire de l&rsquo;ind\u00e9pendance belge, une exposition universelle<br \/>\nfut organis\u00e9e \u00e0 Li\u00e8ge du 27 avril au 6 novembre 1905.<\/p>\n<div id=\"attachment_6691\" style=\"width: 872px\" class=\"wp-caption aligncenter\"><img loading=\"lazy\" decoding=\"async\" aria-describedby=\"caption-attachment-6691\" class=\"size-full wp-image-6691\" src=\"https:\/\/www.kiosquesdumonde.net\/wordpress\/wp-content\/uploads\/2020\/10\/Liege-kiosque-1905-01-Nels-308.jpg\" alt=\"\" width=\"862\" height=\"555\" srcset=\"https:\/\/www.kiosquesdumonde.net\/wordpress\/wp-content\/uploads\/2020\/10\/Liege-kiosque-1905-01-Nels-308.jpg 862w, https:\/\/www.kiosquesdumonde.net\/wordpress\/wp-content\/uploads\/2020\/10\/Liege-kiosque-1905-01-Nels-308-300x193.jpg 300w, https:\/\/www.kiosquesdumonde.net\/wordpress\/wp-content\/uploads\/2020\/10\/Liege-kiosque-1905-01-Nels-308-850x547.jpg 850w, https:\/\/www.kiosquesdumonde.net\/wordpress\/wp-content\/uploads\/2020\/10\/Liege-kiosque-1905-01-Nels-308-768x494.jpg 768w, https:\/\/www.kiosquesdumonde.net\/wordpress\/wp-content\/uploads\/2020\/10\/Liege-kiosque-1905-01-Nels-308-624x402.jpg 624w\" sizes=\"auto, (max-width: 862px) 100vw, 862px\" \/><p id=\"caption-attachment-6691\" class=\"wp-caption-text\">CP Editions Nels, No 308 C. coll. M.C.<\/p><\/div>\n<p style=\"padding-left: 40px;\">Li\u00e8ge accueille une quarantaine de nations au parc de la Boverie et dans le quartier<br \/>\ndes Vennes avec pour objectif de montrer la puissance \u00e9conomique de la Belgique<br \/>\net sp\u00e9cialement de l&rsquo;industrieuse Wallonie.<\/p>\n<p style=\"padding-left: 40px;\">\n<div id=\"attachment_6692\" style=\"width: 872px\" class=\"wp-caption aligncenter\"><img loading=\"lazy\" decoding=\"async\" aria-describedby=\"caption-attachment-6692\" class=\"size-full wp-image-6692\" src=\"https:\/\/www.kiosquesdumonde.net\/wordpress\/wp-content\/uploads\/2020\/10\/Liege-kiosque-1905-02-Bertels.jpg\" alt=\"\" width=\"862\" height=\"559\" srcset=\"https:\/\/www.kiosquesdumonde.net\/wordpress\/wp-content\/uploads\/2020\/10\/Liege-kiosque-1905-02-Bertels.jpg 862w, https:\/\/www.kiosquesdumonde.net\/wordpress\/wp-content\/uploads\/2020\/10\/Liege-kiosque-1905-02-Bertels-300x195.jpg 300w, https:\/\/www.kiosquesdumonde.net\/wordpress\/wp-content\/uploads\/2020\/10\/Liege-kiosque-1905-02-Bertels-850x551.jpg 850w, https:\/\/www.kiosquesdumonde.net\/wordpress\/wp-content\/uploads\/2020\/10\/Liege-kiosque-1905-02-Bertels-768x498.jpg 768w, https:\/\/www.kiosquesdumonde.net\/wordpress\/wp-content\/uploads\/2020\/10\/Liege-kiosque-1905-02-Bertels-624x405.jpg 624w\" sizes=\"auto, (max-width: 862px) 100vw, 862px\" \/><p id=\"caption-attachment-6692\" class=\"wp-caption-text\">Phot.H.Bertels, r.de Laeken, 80 Brux. coll. M.C.<\/p><\/div>\n<p style=\"padding-left: 40px;\">\nL&rsquo;Exposition s&rsquo;\u00e9tend sur pr\u00e8s de 66 hectares de part et d&rsquo;autre de la Meuse.<br \/>\nQuatre kiosques \u00e9taient dress\u00e9s aux Vennes, \u00e0 Fragn\u00e9e, au Jardin d\u2019Acclimatation<br \/>\net en face du monument Gramme.<\/p>\n<p>&nbsp;<\/p>\n<div id=\"attachment_6693\" style=\"width: 872px\" class=\"wp-caption aligncenter\"><img loading=\"lazy\" decoding=\"async\" aria-describedby=\"caption-attachment-6693\" class=\"size-full wp-image-6693\" src=\"https:\/\/www.kiosquesdumonde.net\/wordpress\/wp-content\/uploads\/2020\/10\/Liege-kiosque-1905-03-Gerland.jpg\" alt=\"\" width=\"862\" height=\"556\" srcset=\"https:\/\/www.kiosquesdumonde.net\/wordpress\/wp-content\/uploads\/2020\/10\/Liege-kiosque-1905-03-Gerland.jpg 862w, https:\/\/www.kiosquesdumonde.net\/wordpress\/wp-content\/uploads\/2020\/10\/Liege-kiosque-1905-03-Gerland-300x194.jpg 300w, https:\/\/www.kiosquesdumonde.net\/wordpress\/wp-content\/uploads\/2020\/10\/Liege-kiosque-1905-03-Gerland-850x548.jpg 850w, https:\/\/www.kiosquesdumonde.net\/wordpress\/wp-content\/uploads\/2020\/10\/Liege-kiosque-1905-03-Gerland-768x495.jpg 768w, https:\/\/www.kiosquesdumonde.net\/wordpress\/wp-content\/uploads\/2020\/10\/Liege-kiosque-1905-03-Gerland-624x402.jpg 624w\" sizes=\"auto, (max-width: 862px) 100vw, 862px\" \/><p id=\"caption-attachment-6693\" class=\"wp-caption-text\">D\u00e9p\u00f4t H.Gerland, Rue Hors Ch\u00e2teau 130. coll. M.C.<\/p><\/div>\n<p style=\"padding-left: 40px;\">\nVoici le kiosque \u00e0 musique qui \u00e9tait install\u00e9 devant la Meuse dans le quartier des<br \/>\nVennes ; de plan octogonal, la couverture \u00e0 huit pans \u00e9tait support\u00e9e par de<br \/>\nfines colonnettes m\u00e9talliques.<\/p>\n<p>&nbsp;<\/p>\n<p><iframe loading=\"lazy\" style=\"border: 0;\" tabindex=\"0\" src=\"https:\/\/www.google.com\/maps\/embed?pb=!1m16!1m12!1m3!1d14318.528413729466!2d5.57699234439644!3d50.62373325304723!2m3!1f0!2f0!3f0!3m2!1i1024!2i768!4f13.1!2m1!1squartier%20des%20vennes%20li%C3%A8ge!5e0!3m2!1sfr!2sbe!4v1603552338691!5m2!1sfr!2sbe\" width=\"600\" height=\"450\" frameborder=\"0\" allowfullscreen=\"allowfullscreen\" aria-hidden=\"false\"><\/iframe><\/p>\n<\/div>\n","protected":false},"excerpt":{"rendered":"<p>\u00c0 l&rsquo;occasion du 75e anniversaire de l&rsquo;ind\u00e9pendance belge, une exposition universelle fut organis\u00e9e \u00e0 Li\u00e8ge du 27 avril au 6 novembre 1905. Li\u00e8ge accueille une quarantaine de nations au parc de la Boverie et dans le quartier des Vennes avec pour objectif de montrer la puissance \u00e9conomique de la Belgique et sp\u00e9cialement de l&rsquo;industrieuse Wallonie. [&hellip;]<\/p>\n","protected":false},"author":1,"featured_media":0,"comment_status":"closed","ping_status":"closed","sticky":false,"template":"","format":"standard","meta":{"footnotes":""},"categories":[9],"tags":[65,462,362],"class_list":["post-6689","post","type-post","status-publish","format-standard","hentry","category-actualites","tag-belgique","tag-exposition","tag-liege"],"_links":{"self":[{"href":"https:\/\/www.kiosquesdumonde.net\/wordpress\/wp-json\/wp\/v2\/posts\/6689","targetHints":{"allow":["GET"]}}],"collection":[{"href":"https:\/\/www.kiosquesdumonde.net\/wordpress\/wp-json\/wp\/v2\/posts"}],"about":[{"href":"https:\/\/www.kiosquesdumonde.net\/wordpress\/wp-json\/wp\/v2\/types\/post"}],"author":[{"embeddable":true,"href":"https:\/\/www.kiosquesdumonde.net\/wordpress\/wp-json\/wp\/v2\/users\/1"}],"replies":[{"embeddable":true,"href":"https:\/\/www.kiosquesdumonde.net\/wordpress\/wp-json\/wp\/v2\/comments?post=6689"}],"version-history":[{"count":7,"href":"https:\/\/www.kiosquesdumonde.net\/wordpress\/wp-json\/wp\/v2\/posts\/6689\/revisions"}],"predecessor-version":[{"id":6699,"href":"https:\/\/www.kiosquesdumonde.net\/wordpress\/wp-json\/wp\/v2\/posts\/6689\/revisions\/6699"}],"wp:attachment":[{"href":"https:\/\/www.kiosquesdumonde.net\/wordpress\/wp-json\/wp\/v2\/media?parent=6689"}],"wp:term":[{"taxonomy":"category","embeddable":true,"href":"https:\/\/www.kiosquesdumonde.net\/wordpress\/wp-json\/wp\/v2\/categories?post=6689"},{"taxonomy":"post_tag","embeddable":true,"href":"https:\/\/www.kiosquesdumonde.net\/wordpress\/wp-json\/wp\/v2\/tags?post=6689"}],"curies":[{"name":"wp","href":"https:\/\/api.w.org\/{rel}","templated":true}]}}